{"id":23907,"date":"2025-06-23T06:03:18","date_gmt":"2025-06-23T05:03:18","guid":{"rendered":"https:\/\/prvimaj.hr\/?p=23907"},"modified":"2025-06-23T06:03:29","modified_gmt":"2025-06-23T05:03:29","slug":"gabrijel-bencic","status":"publish","type":"post","link":"https:\/\/prvimaj.hr\/?p=23907","title":{"rendered":"Gabrijel Ben\u010di\u0107"},"content":{"rendered":"<p>Tu\u017enim srcem javljamo rodbini, prijateljima i znancima da nas je u subotu 21.06.2025. godine u 93- oj godini \u017eivota napustio na\u0161 voljeni<\/p>\n<h2 style=\"text-align: center\"><em><strong>GABRIJEL&nbsp; &nbsp;BEN\u010cI\u0106<\/strong><\/em><\/h2>\n<h3 style=\"text-align: center\"><em><strong>( iz Rapca )<\/strong><\/em><\/h3>\n<p><!--more-->Posljednji ispra\u0107aj na\u0161eg voljenog pokojnika biti \u0107e u ponedjeljak 23.06.2025. godine u 11,00 sati iz Komemorativnog centra u Labinu na gradsko groblje.<\/p>\n<p><em><strong>O\u017ealo\u0161\u0107eni:&nbsp;<\/strong><\/em>sinovi SILVANO i DAMIR, nevjesta VESNA, unuci ZORAN i TAMARA sa TOMISLAVOM, praunuci LOVRE i KARLO, brat MARIO sa familijom, te ostala tuguju\u0107a rodbina.<\/p>\n","protected":false},"excerpt":{"rendered":"<p>Tu\u017enim srcem javljamo rodbini, prijateljima i znancima da nas je u subotu 21.06.2025. godine u 93- oj godini \u017eivota napustio na\u0161 voljeni GABRIJEL&nbsp; &nbsp;BEN\u010cI\u0106 ( iz Rapca )<\/p>\n","protected":false},"author":3,"featured_media":23908,"comment_status":"closed","ping_status":"closed","sticky":false,"template":"","format":"standard","meta":[],"categories":[3],"tags":[],"_links":{"self":[{"href":"https:\/\/prvimaj.hr\/index.php?rest_route=\/wp\/v2\/posts\/23907"}],"collection":[{"href":"https:\/\/prvimaj.hr\/index.php?rest_route=\/wp\/v2\/posts"}],"about":[{"href":"https:\/\/prvimaj.hr\/index.php?rest_route=\/wp\/v2\/types\/post"}],"author":[{"embeddable":true,"href":"https:\/\/prvimaj.hr\/index.php?rest_route=\/wp\/v2\/users\/3"}],"replies":[{"embeddable":true,"href":"https:\/\/prvimaj.hr\/index.php?rest_route=%2Fwp%2Fv2%2Fcomments&post=23907"}],"version-history":[{"count":2,"href":"https:\/\/prvimaj.hr\/index.php?rest_route=\/wp\/v2\/posts\/23907\/revisions"}],"predecessor-version":[{"id":23910,"href":"https:\/\/prvimaj.hr\/index.php?rest_route=\/wp\/v2\/posts\/23907\/revisions\/23910"}],"wp:featuredmedia":[{"embeddable":true,"href":"https:\/\/prvimaj.hr\/index.php?rest_route=\/wp\/v2\/media\/23908"}],"wp:attachment":[{"href":"https:\/\/prvimaj.hr\/index.php?rest_route=%2Fwp%2Fv2%2Fmedia&parent=23907"}],"wp:term":[{"taxonomy":"category","embeddable":true,"href":"https:\/\/prvimaj.hr\/index.php?rest_route=%2Fwp%2Fv2%2Fcategories&post=23907"},{"taxonomy":"post_tag","embeddable":true,"href":"https:\/\/prvimaj.hr\/index.php?rest_route=%2Fwp%2Fv2%2Ftags&post=23907"}],"curies":[{"name":"wp","href":"https:\/\/api.w.org\/{rel}","templated":true}]}}