{"id":23920,"date":"2025-06-25T11:39:32","date_gmt":"2025-06-25T10:39:32","guid":{"rendered":"https:\/\/prvimaj.hr\/?p=23920"},"modified":"2025-06-25T11:39:38","modified_gmt":"2025-06-25T10:39:38","slug":"rabija-mesanovic","status":"publish","type":"post","link":"https:\/\/prvimaj.hr\/?p=23920","title":{"rendered":"Rabija Me\u0161anovi\u0107"},"content":{"rendered":"<p>S tugom u srcu javljamo svoj rodbini, prijateljima i znancima \u017ealosnu vijest da je na\u0161a rahmetli<\/p>\n<h2 style=\"text-align: center\"><em><strong>RABIJA&nbsp; &nbsp;ME\u0160ANOVI\u0106<\/strong><\/em><\/h2>\n<h3 style=\"text-align: center\"><em><strong>( ro\u0111. Juki\u0107 )<\/strong><\/em><\/h3>\n<p><!--more-->preselila na ahiret u utorak 24.06.2025. godine u 91- oj godini \u017eivota. D\u017eenaza \u0107e krenuti u \u010detvrtak 26.06.2025. godine u 16,00 sati iz Komemorativnog centra u Labinu na gradsko groblje.<\/p>\n<p><em><strong>O\u017ealo\u0161\u0107eni:&nbsp;<\/strong><\/em>suprug MUSTAFA, sin NURIJA i k\u0107erka HURIJA sa obiteljima, te ostala mnogobrojna tuguju\u0107a rodbina.<\/p>\n","protected":false},"excerpt":{"rendered":"<p>S tugom u srcu javljamo svoj rodbini, prijateljima i znancima \u017ealosnu vijest da je na\u0161a rahmetli RABIJA&nbsp; &nbsp;ME\u0160ANOVI\u0106 ( ro\u0111. Juki\u0107 )<\/p>\n","protected":false},"author":3,"featured_media":23921,"comment_status":"closed","ping_status":"closed","sticky":false,"template":"","format":"standard","meta":[],"categories":[3],"tags":[],"_links":{"self":[{"href":"https:\/\/prvimaj.hr\/index.php?rest_route=\/wp\/v2\/posts\/23920"}],"collection":[{"href":"https:\/\/prvimaj.hr\/index.php?rest_route=\/wp\/v2\/posts"}],"about":[{"href":"https:\/\/prvimaj.hr\/index.php?rest_route=\/wp\/v2\/types\/post"}],"author":[{"embeddable":true,"href":"https:\/\/prvimaj.hr\/index.php?rest_route=\/wp\/v2\/users\/3"}],"replies":[{"embeddable":true,"href":"https:\/\/prvimaj.hr\/index.php?rest_route=%2Fwp%2Fv2%2Fcomments&post=23920"}],"version-history":[{"count":2,"href":"https:\/\/prvimaj.hr\/index.php?rest_route=\/wp\/v2\/posts\/23920\/revisions"}],"predecessor-version":[{"id":23923,"href":"https:\/\/prvimaj.hr\/index.php?rest_route=\/wp\/v2\/posts\/23920\/revisions\/23923"}],"wp:featuredmedia":[{"embeddable":true,"href":"https:\/\/prvimaj.hr\/index.php?rest_route=\/wp\/v2\/media\/23921"}],"wp:attachment":[{"href":"https:\/\/prvimaj.hr\/index.php?rest_route=%2Fwp%2Fv2%2Fmedia&parent=23920"}],"wp:term":[{"taxonomy":"category","embeddable":true,"href":"https:\/\/prvimaj.hr\/index.php?rest_route=%2Fwp%2Fv2%2Fcategories&post=23920"},{"taxonomy":"post_tag","embeddable":true,"href":"https:\/\/prvimaj.hr\/index.php?rest_route=%2Fwp%2Fv2%2Ftags&post=23920"}],"curies":[{"name":"wp","href":"https:\/\/api.w.org\/{rel}","templated":true}]}}