{"id":23943,"date":"2025-07-04T08:37:03","date_gmt":"2025-07-04T07:37:03","guid":{"rendered":"https:\/\/prvimaj.hr\/?p=23943"},"modified":"2025-07-04T08:37:18","modified_gmt":"2025-07-04T07:37:18","slug":"romano-benassi","status":"publish","type":"post","link":"https:\/\/prvimaj.hr\/?p=23943","title":{"rendered":"Romano  Benassi"},"content":{"rendered":"<p>S tugom u srcu javljamo rodbini, prijateljima i znancima da nas je u \u010detvrtak 03.07.2025. godine u 88. godini \u017eivota napustio na voljeni<\/p>\n<h2 style=\"text-align: center\"><strong><em>ROMANO&nbsp; &nbsp; BENASSI<\/em><\/strong><\/h2>\n<h3 style=\"text-align: center\"><em>( Ingle\u0161 )<\/em>&nbsp;<\/h3>\n<p><!--more--><\/p>\n<p>Posljednji ispra\u0107aj na\u0161eg voljenog pokojnika biti \u0107e u subotu 05.07.2025. godine u 11,00 sati iz Komemorativnog centra u Pi\u0107nu na mjesno groblje.<\/p>\n<p><strong><em>O\u017ealo\u0161\u0107eni:&nbsp;<\/em><\/strong>sin ROBERTO, k\u0107erka ORIETA, unuci VALENTINO i RAOUL, SLAVICA, te ostala tuguju\u0107a rodbina.<\/p>\n\n\n<p><\/p>\n","protected":false},"excerpt":{"rendered":"<p>S tugom u srcu javljamo rodbini, prijateljima i znancima da nas je u \u010detvrtak 03.07.2025. godine u 88. godini \u017eivota napustio na voljeni ROMANO&nbsp; &nbsp; BENASSI ( Ingle\u0161 )&nbsp;<\/p>\n","protected":false},"author":3,"featured_media":23942,"comment_status":"closed","ping_status":"closed","sticky":false,"template":"","format":"standard","meta":[],"categories":[3],"tags":[],"_links":{"self":[{"href":"https:\/\/prvimaj.hr\/index.php?rest_route=\/wp\/v2\/posts\/23943"}],"collection":[{"href":"https:\/\/prvimaj.hr\/index.php?rest_route=\/wp\/v2\/posts"}],"about":[{"href":"https:\/\/prvimaj.hr\/index.php?rest_route=\/wp\/v2\/types\/post"}],"author":[{"embeddable":true,"href":"https:\/\/prvimaj.hr\/index.php?rest_route=\/wp\/v2\/users\/3"}],"replies":[{"embeddable":true,"href":"https:\/\/prvimaj.hr\/index.php?rest_route=%2Fwp%2Fv2%2Fcomments&post=23943"}],"version-history":[{"count":2,"href":"https:\/\/prvimaj.hr\/index.php?rest_route=\/wp\/v2\/posts\/23943\/revisions"}],"predecessor-version":[{"id":23945,"href":"https:\/\/prvimaj.hr\/index.php?rest_route=\/wp\/v2\/posts\/23943\/revisions\/23945"}],"wp:featuredmedia":[{"embeddable":true,"href":"https:\/\/prvimaj.hr\/index.php?rest_route=\/wp\/v2\/media\/23942"}],"wp:attachment":[{"href":"https:\/\/prvimaj.hr\/index.php?rest_route=%2Fwp%2Fv2%2Fmedia&parent=23943"}],"wp:term":[{"taxonomy":"category","embeddable":true,"href":"https:\/\/prvimaj.hr\/index.php?rest_route=%2Fwp%2Fv2%2Fcategories&post=23943"},{"taxonomy":"post_tag","embeddable":true,"href":"https:\/\/prvimaj.hr\/index.php?rest_route=%2Fwp%2Fv2%2Ftags&post=23943"}],"curies":[{"name":"wp","href":"https:\/\/api.w.org\/{rel}","templated":true}]}}