{"id":24011,"date":"2025-07-19T14:11:03","date_gmt":"2025-07-19T13:11:03","guid":{"rendered":"https:\/\/prvimaj.hr\/?p=24011"},"modified":"2025-07-22T12:37:14","modified_gmt":"2025-07-22T11:37:14","slug":"branko-nacinovic-2","status":"publish","type":"post","link":"https:\/\/prvimaj.hr\/?p=24011","title":{"rendered":"Branko  Na\u010dinovi\u0107"},"content":{"rendered":"<p>S tugom u srcu javljamo rodbini, prijateljima i znancima da nas je u subotu 19.07.2025. godine u 71. godini \u017eivota napustio na\u0161 voljeni<\/p>\n<h2 style=\"text-align: center\"><strong><em>BRANKO\u00a0 \u00a0NA\u010cINOVI\u0106<\/em><\/strong><\/h2>\n<h3 style=\"text-align: center\"><strong><em>( iz Malih Turini )<\/em><\/strong><\/h3>\n<p><!--more--><\/p>\n<p>Posljednji ispra\u0107aj na\u0161eg voljenog Branka biti \u0107e u ponedjeljak 21.07.2025. godine u 17,30 sati iz Komemorativnog centra u Sv.Martinu &#8211; Martinskom na mjesno groblje.<\/p>\n<p><strong><em>O\u017ealo\u0161\u0107eni:\u00a0<\/em><\/strong>supruga ZDENKA, k\u0107erke NATALIJA i LUCIA, zeti KRISTIJAN i FRANJO, unuci MARIN, MARTIN, TIN i LOVRO, brat EDI, kunjada LOREDANA, ne\u0107akinja DEA s EDIJEM, tete NINA, NETA, LIDIJA i ELDA s familijama, te ostala tuguju\u0107a rodbina.<\/p>\n","protected":false},"excerpt":{"rendered":"<p>S tugom u srcu javljamo rodbini, prijateljima i znancima da nas je u subotu 19.07.2025. godine u 71. godini \u017eivota napustio na\u0161 voljeni BRANKO\u00a0 \u00a0NA\u010cINOVI\u0106 ( iz Malih Turini )<\/p>\n","protected":false},"author":3,"featured_media":24010,"comment_status":"closed","ping_status":"closed","sticky":false,"template":"","format":"standard","meta":[],"categories":[3],"tags":[],"_links":{"self":[{"href":"https:\/\/prvimaj.hr\/index.php?rest_route=\/wp\/v2\/posts\/24011"}],"collection":[{"href":"https:\/\/prvimaj.hr\/index.php?rest_route=\/wp\/v2\/posts"}],"about":[{"href":"https:\/\/prvimaj.hr\/index.php?rest_route=\/wp\/v2\/types\/post"}],"author":[{"embeddable":true,"href":"https:\/\/prvimaj.hr\/index.php?rest_route=\/wp\/v2\/users\/3"}],"replies":[{"embeddable":true,"href":"https:\/\/prvimaj.hr\/index.php?rest_route=%2Fwp%2Fv2%2Fcomments&post=24011"}],"version-history":[{"count":4,"href":"https:\/\/prvimaj.hr\/index.php?rest_route=\/wp\/v2\/posts\/24011\/revisions"}],"predecessor-version":[{"id":24035,"href":"https:\/\/prvimaj.hr\/index.php?rest_route=\/wp\/v2\/posts\/24011\/revisions\/24035"}],"wp:featuredmedia":[{"embeddable":true,"href":"https:\/\/prvimaj.hr\/index.php?rest_route=\/wp\/v2\/media\/24010"}],"wp:attachment":[{"href":"https:\/\/prvimaj.hr\/index.php?rest_route=%2Fwp%2Fv2%2Fmedia&parent=24011"}],"wp:term":[{"taxonomy":"category","embeddable":true,"href":"https:\/\/prvimaj.hr\/index.php?rest_route=%2Fwp%2Fv2%2Fcategories&post=24011"},{"taxonomy":"post_tag","embeddable":true,"href":"https:\/\/prvimaj.hr\/index.php?rest_route=%2Fwp%2Fv2%2Ftags&post=24011"}],"curies":[{"name":"wp","href":"https:\/\/api.w.org\/{rel}","templated":true}]}}