{"id":24069,"date":"2025-07-28T09:48:38","date_gmt":"2025-07-28T08:48:38","guid":{"rendered":"https:\/\/prvimaj.hr\/?p=24069"},"modified":"2025-07-28T09:48:45","modified_gmt":"2025-07-28T08:48:45","slug":"ottavio-faraguna","status":"publish","type":"post","link":"https:\/\/prvimaj.hr\/?p=24069","title":{"rendered":"Ottavio Faraguna"},"content":{"rendered":"<p>S tugom u srcu javljamo rodbini, prijateljima i znancima da nas je u subotu 26.07.2025. godine u 97- oj godini \u017eivota napustio na\u0161 voljeni<\/p>\n<h2 style=\"text-align: center\"><em><strong>OTTAVIO&nbsp; &nbsp;FARAGUNA<\/strong><\/em><\/h2>\n<h3 style=\"text-align: center\"><em><strong>( iz \u0160umbera )<\/strong><\/em><\/h3>\n<p><!--more-->Posljednji ispra\u0107aj na\u0161eg voljenog pokojnika biti \u0107e u utorak 29.07.2025. godine u 11,00 sati iz Komemorativnog centra u \u0160umberu na mjesno groblje.<\/p>\n<p><em><strong>O\u017ealo\u0161\u0107eni: <\/strong><\/em>Ne\u0107aci i ne\u0107akinje sa familijama<\/p>\n","protected":false},"excerpt":{"rendered":"<p>S tugom u srcu javljamo rodbini, prijateljima i znancima da nas je u subotu 26.07.2025. godine u 97- oj godini \u017eivota napustio na\u0161 voljeni OTTAVIO&nbsp; &nbsp;FARAGUNA ( iz \u0160umbera )<\/p>\n","protected":false},"author":3,"featured_media":24070,"comment_status":"closed","ping_status":"closed","sticky":false,"template":"","format":"standard","meta":[],"categories":[3],"tags":[],"_links":{"self":[{"href":"https:\/\/prvimaj.hr\/index.php?rest_route=\/wp\/v2\/posts\/24069"}],"collection":[{"href":"https:\/\/prvimaj.hr\/index.php?rest_route=\/wp\/v2\/posts"}],"about":[{"href":"https:\/\/prvimaj.hr\/index.php?rest_route=\/wp\/v2\/types\/post"}],"author":[{"embeddable":true,"href":"https:\/\/prvimaj.hr\/index.php?rest_route=\/wp\/v2\/users\/3"}],"replies":[{"embeddable":true,"href":"https:\/\/prvimaj.hr\/index.php?rest_route=%2Fwp%2Fv2%2Fcomments&post=24069"}],"version-history":[{"count":2,"href":"https:\/\/prvimaj.hr\/index.php?rest_route=\/wp\/v2\/posts\/24069\/revisions"}],"predecessor-version":[{"id":24072,"href":"https:\/\/prvimaj.hr\/index.php?rest_route=\/wp\/v2\/posts\/24069\/revisions\/24072"}],"wp:featuredmedia":[{"embeddable":true,"href":"https:\/\/prvimaj.hr\/index.php?rest_route=\/wp\/v2\/media\/24070"}],"wp:attachment":[{"href":"https:\/\/prvimaj.hr\/index.php?rest_route=%2Fwp%2Fv2%2Fmedia&parent=24069"}],"wp:term":[{"taxonomy":"category","embeddable":true,"href":"https:\/\/prvimaj.hr\/index.php?rest_route=%2Fwp%2Fv2%2Fcategories&post=24069"},{"taxonomy":"post_tag","embeddable":true,"href":"https:\/\/prvimaj.hr\/index.php?rest_route=%2Fwp%2Fv2%2Ftags&post=24069"}],"curies":[{"name":"wp","href":"https:\/\/api.w.org\/{rel}","templated":true}]}}