{"id":24099,"date":"2025-08-04T11:55:31","date_gmt":"2025-08-04T10:55:31","guid":{"rendered":"https:\/\/prvimaj.hr\/?p=24099"},"modified":"2025-08-04T11:55:37","modified_gmt":"2025-08-04T10:55:37","slug":"rinalda-tosic","status":"publish","type":"post","link":"https:\/\/prvimaj.hr\/?p=24099","title":{"rendered":"Rinalda To\u0161i\u0107"},"content":{"rendered":"<p>S tugom u srcu javljamo rodbini, prijateljima i znancima da nas je u ponedjeljak 04.08.2025. godine u 85- oj godini \u017eivota napustila na\u0161a voljena<\/p>\n<h2 style=\"text-align: center\"><em><strong>RINALDA&nbsp; &nbsp;TO\u0160I\u0106<\/strong><\/em><\/h2>\n<h3 style=\"text-align: center\"><em><strong>( ro\u0111. Mohorovi\u0107 )<\/strong><\/em><\/h3>\n<p><!--more-->Posljednji ispra\u0107aj na\u0161e voljene pokojnice biti \u0107e u srijedu 06.08.2025. godine u 13,30 sati iz Komemorativnog centra u Labinu na gradsko groblje.<\/p>\n<p><em><strong>Molimo za tihu su\u0107ut.<\/strong><\/em><\/p>\n<p><em><strong>O\u017ealo\u0161\u0107eni:&nbsp;<\/strong><\/em>sin DAMIR, k\u0107erka ALEKSANDRA, nevjesta IZABEL, sestre ELDA i KLARA sa familijama te ostala tuguju\u0107a rodbina.<\/p>\n","protected":false},"excerpt":{"rendered":"<p>S tugom u srcu javljamo rodbini, prijateljima i znancima da nas je u ponedjeljak 04.08.2025. godine u 85- oj godini \u017eivota napustila na\u0161a voljena RINALDA&nbsp; &nbsp;TO\u0160I\u0106 ( ro\u0111. Mohorovi\u0107 )<\/p>\n","protected":false},"author":3,"featured_media":24100,"comment_status":"closed","ping_status":"closed","sticky":false,"template":"","format":"standard","meta":[],"categories":[3],"tags":[],"_links":{"self":[{"href":"https:\/\/prvimaj.hr\/index.php?rest_route=\/wp\/v2\/posts\/24099"}],"collection":[{"href":"https:\/\/prvimaj.hr\/index.php?rest_route=\/wp\/v2\/posts"}],"about":[{"href":"https:\/\/prvimaj.hr\/index.php?rest_route=\/wp\/v2\/types\/post"}],"author":[{"embeddable":true,"href":"https:\/\/prvimaj.hr\/index.php?rest_route=\/wp\/v2\/users\/3"}],"replies":[{"embeddable":true,"href":"https:\/\/prvimaj.hr\/index.php?rest_route=%2Fwp%2Fv2%2Fcomments&post=24099"}],"version-history":[{"count":2,"href":"https:\/\/prvimaj.hr\/index.php?rest_route=\/wp\/v2\/posts\/24099\/revisions"}],"predecessor-version":[{"id":24102,"href":"https:\/\/prvimaj.hr\/index.php?rest_route=\/wp\/v2\/posts\/24099\/revisions\/24102"}],"wp:featuredmedia":[{"embeddable":true,"href":"https:\/\/prvimaj.hr\/index.php?rest_route=\/wp\/v2\/media\/24100"}],"wp:attachment":[{"href":"https:\/\/prvimaj.hr\/index.php?rest_route=%2Fwp%2Fv2%2Fmedia&parent=24099"}],"wp:term":[{"taxonomy":"category","embeddable":true,"href":"https:\/\/prvimaj.hr\/index.php?rest_route=%2Fwp%2Fv2%2Fcategories&post=24099"},{"taxonomy":"post_tag","embeddable":true,"href":"https:\/\/prvimaj.hr\/index.php?rest_route=%2Fwp%2Fv2%2Ftags&post=24099"}],"curies":[{"name":"wp","href":"https:\/\/api.w.org\/{rel}","templated":true}]}}