{"id":24107,"date":"2025-08-06T07:25:19","date_gmt":"2025-08-06T06:25:19","guid":{"rendered":"https:\/\/prvimaj.hr\/?p=24107"},"modified":"2025-08-06T07:25:26","modified_gmt":"2025-08-06T06:25:26","slug":"jovo-ostojic","status":"publish","type":"post","link":"https:\/\/prvimaj.hr\/?p=24107","title":{"rendered":"Jovo Ostoji\u0107"},"content":{"rendered":"<p>S tugom u srcu javljamo rodbini, prijateljima i znancima da nas je u utorak 05.08.2025. godine u 89- oj godini \u017eivota napustio na\u0161 voljeni suprug, tata, nono i pranono<\/p>\n<h2 style=\"text-align: center\"><em><strong>JOVO&nbsp; &nbsp;OSTOJI\u0106<\/strong><\/em><\/h2>\n<h3 style=\"text-align: center\"><em><strong>( iz Kr\u0161ana )<\/strong><\/em><\/h3>\n<p><!--more-->Posljednji ispra\u0107aj na\u0161eg voljenog pokojnika biti \u0107e u \u010detvrtak 07.08.2025. godine u 16,00 sati iz Komemorativnog centra u Kr\u0161anu na mjesno groblje.<\/p>\n<p><em><strong>O\u017ealo\u0161\u0107eni:&nbsp;<\/strong><\/em>supruga BRUNA, sin NEBOJ\u0160A i k\u0107erka JASNA sa obiteljima, \u0161ogorice LJUBICA i MARIJA, kunjado DAMO sa familijom, ne\u0107aci i ne\u0107akinje te ostala tuguju\u0107a rodbina.<\/p>\n\n\n<p><\/p>\n","protected":false},"excerpt":{"rendered":"<p>S tugom u srcu javljamo rodbini, prijateljima i znancima da nas je u utorak 05.08.2025. godine u 89- oj godini \u017eivota napustio na\u0161 voljeni suprug, tata, nono i pranono JOVO&nbsp; &nbsp;OSTOJI\u0106 ( iz Kr\u0161ana )<\/p>\n","protected":false},"author":3,"featured_media":24108,"comment_status":"closed","ping_status":"closed","sticky":false,"template":"","format":"standard","meta":[],"categories":[3],"tags":[],"_links":{"self":[{"href":"https:\/\/prvimaj.hr\/index.php?rest_route=\/wp\/v2\/posts\/24107"}],"collection":[{"href":"https:\/\/prvimaj.hr\/index.php?rest_route=\/wp\/v2\/posts"}],"about":[{"href":"https:\/\/prvimaj.hr\/index.php?rest_route=\/wp\/v2\/types\/post"}],"author":[{"embeddable":true,"href":"https:\/\/prvimaj.hr\/index.php?rest_route=\/wp\/v2\/users\/3"}],"replies":[{"embeddable":true,"href":"https:\/\/prvimaj.hr\/index.php?rest_route=%2Fwp%2Fv2%2Fcomments&post=24107"}],"version-history":[{"count":2,"href":"https:\/\/prvimaj.hr\/index.php?rest_route=\/wp\/v2\/posts\/24107\/revisions"}],"predecessor-version":[{"id":24110,"href":"https:\/\/prvimaj.hr\/index.php?rest_route=\/wp\/v2\/posts\/24107\/revisions\/24110"}],"wp:featuredmedia":[{"embeddable":true,"href":"https:\/\/prvimaj.hr\/index.php?rest_route=\/wp\/v2\/media\/24108"}],"wp:attachment":[{"href":"https:\/\/prvimaj.hr\/index.php?rest_route=%2Fwp%2Fv2%2Fmedia&parent=24107"}],"wp:term":[{"taxonomy":"category","embeddable":true,"href":"https:\/\/prvimaj.hr\/index.php?rest_route=%2Fwp%2Fv2%2Fcategories&post=24107"},{"taxonomy":"post_tag","embeddable":true,"href":"https:\/\/prvimaj.hr\/index.php?rest_route=%2Fwp%2Fv2%2Ftags&post=24107"}],"curies":[{"name":"wp","href":"https:\/\/api.w.org\/{rel}","templated":true}]}}