{"id":24142,"date":"2025-08-14T07:22:28","date_gmt":"2025-08-14T06:22:28","guid":{"rendered":"https:\/\/prvimaj.hr\/?p=24142"},"modified":"2025-08-14T07:22:33","modified_gmt":"2025-08-14T06:22:33","slug":"juraj-zoretic","status":"publish","type":"post","link":"https:\/\/prvimaj.hr\/?p=24142","title":{"rendered":"Juraj Zoreti\u0107"},"content":{"rendered":"<p>S tugom u srcu javljamo rodbini, prijateljima i znancima da nas je u srijedu 13.08.2025. godine u 88- oj godini \u017eivota napustio na\u0161 voljeni<\/p>\n<h2 style=\"text-align: center\"><em><strong>JURAJ&nbsp; &nbsp; ZORETI\u0106<\/strong><\/em><\/h2>\n<h3 style=\"text-align: center\"><em><strong>( iz Labina )<\/strong><\/em><\/h3>\n<p><!--more-->Posljednji ispra\u0107aj na\u0161eg voljenog pokojnika bit \u0107e u subotu 16.08.2025. godine u 10,00 sati iz Komemorativnog centra u Labinu na gradsko groblje.<\/p>\n<p><em><strong>O\u017ealo\u0161\u0107eni:&nbsp;<\/strong><\/em>k\u0107erke VI\u0160NJA, VLASTA i VILMA, zeti VALTER i BRUNO, unuci VESNA, SILVIA, VERNER i ELVIS, praunuci LEONA i DINO te ostala tuguju\u0107a rodbina.<\/p>\n","protected":false},"excerpt":{"rendered":"<p>S tugom u srcu javljamo rodbini, prijateljima i znancima da nas je u srijedu 13.08.2025. godine u 88- oj godini \u017eivota napustio na\u0161 voljeni JURAJ&nbsp; &nbsp; ZORETI\u0106 ( iz Labina )<\/p>\n","protected":false},"author":3,"featured_media":24143,"comment_status":"closed","ping_status":"closed","sticky":false,"template":"","format":"standard","meta":[],"categories":[3],"tags":[],"_links":{"self":[{"href":"https:\/\/prvimaj.hr\/index.php?rest_route=\/wp\/v2\/posts\/24142"}],"collection":[{"href":"https:\/\/prvimaj.hr\/index.php?rest_route=\/wp\/v2\/posts"}],"about":[{"href":"https:\/\/prvimaj.hr\/index.php?rest_route=\/wp\/v2\/types\/post"}],"author":[{"embeddable":true,"href":"https:\/\/prvimaj.hr\/index.php?rest_route=\/wp\/v2\/users\/3"}],"replies":[{"embeddable":true,"href":"https:\/\/prvimaj.hr\/index.php?rest_route=%2Fwp%2Fv2%2Fcomments&post=24142"}],"version-history":[{"count":2,"href":"https:\/\/prvimaj.hr\/index.php?rest_route=\/wp\/v2\/posts\/24142\/revisions"}],"predecessor-version":[{"id":24145,"href":"https:\/\/prvimaj.hr\/index.php?rest_route=\/wp\/v2\/posts\/24142\/revisions\/24145"}],"wp:featuredmedia":[{"embeddable":true,"href":"https:\/\/prvimaj.hr\/index.php?rest_route=\/wp\/v2\/media\/24143"}],"wp:attachment":[{"href":"https:\/\/prvimaj.hr\/index.php?rest_route=%2Fwp%2Fv2%2Fmedia&parent=24142"}],"wp:term":[{"taxonomy":"category","embeddable":true,"href":"https:\/\/prvimaj.hr\/index.php?rest_route=%2Fwp%2Fv2%2Fcategories&post=24142"},{"taxonomy":"post_tag","embeddable":true,"href":"https:\/\/prvimaj.hr\/index.php?rest_route=%2Fwp%2Fv2%2Ftags&post=24142"}],"curies":[{"name":"wp","href":"https:\/\/api.w.org\/{rel}","templated":true}]}}