{"id":24150,"date":"2025-08-15T09:32:51","date_gmt":"2025-08-15T08:32:51","guid":{"rendered":"https:\/\/prvimaj.hr\/?p=24150"},"modified":"2025-08-15T09:32:58","modified_gmt":"2025-08-15T08:32:58","slug":"ivan-zulijani","status":"publish","type":"post","link":"https:\/\/prvimaj.hr\/?p=24150","title":{"rendered":"Ivan Zulijani"},"content":{"rendered":"<p>S tugom .u srcu javljamo rodbini, prijateljima i znancima da nas je u \u010detvrtak 14.08.2025. godine u 85- oj godini \u017eivota napustio na\u0161 voljeni<\/p>\n<h2 style=\"text-align: center\"><em><strong>IVAN&nbsp; &nbsp;ZULIJANI<\/strong><\/em><\/h2>\n<h3 style=\"text-align: center\"><em><strong>( Ive )<\/strong><\/em><\/h3>\n<p><!--more-->Posljednji ispra\u0107aj na\u0161eg voljenog pokojnika biti \u0107e u krugu obitelji iz Komemorativnog centra u Sv. Martinu &#8211; Martinskom na mjesno groblje.<\/p>\n<p><em><strong>Molimo za tihu su\u0107ut u domu pokojnika.<\/strong><\/em><\/p>\n<p><em><strong>O\u017ealo\u0161\u0107eni:&nbsp;<\/strong><\/em>supruga VIOLETA, k\u0107erka INGRID, unuk VANJA s MERI, bra\u0107a i sestre sa familijama te ostala tuguju\u0107a rodbina.<\/p>\n<h3 style=\"text-align: center\"><\/h3>\n<p><!--more--><\/p>\n<p><!--more--><\/p>\n","protected":false},"excerpt":{"rendered":"<p>S tugom .u srcu javljamo rodbini, prijateljima i znancima da nas je u \u010detvrtak 14.08.2025. godine u 85- oj godini \u017eivota napustio na\u0161 voljeni IVAN&nbsp; &nbsp;ZULIJANI ( Ive )<\/p>\n","protected":false},"author":3,"featured_media":24151,"comment_status":"closed","ping_status":"closed","sticky":false,"template":"","format":"standard","meta":[],"categories":[3],"tags":[],"_links":{"self":[{"href":"https:\/\/prvimaj.hr\/index.php?rest_route=\/wp\/v2\/posts\/24150"}],"collection":[{"href":"https:\/\/prvimaj.hr\/index.php?rest_route=\/wp\/v2\/posts"}],"about":[{"href":"https:\/\/prvimaj.hr\/index.php?rest_route=\/wp\/v2\/types\/post"}],"author":[{"embeddable":true,"href":"https:\/\/prvimaj.hr\/index.php?rest_route=\/wp\/v2\/users\/3"}],"replies":[{"embeddable":true,"href":"https:\/\/prvimaj.hr\/index.php?rest_route=%2Fwp%2Fv2%2Fcomments&post=24150"}],"version-history":[{"count":2,"href":"https:\/\/prvimaj.hr\/index.php?rest_route=\/wp\/v2\/posts\/24150\/revisions"}],"predecessor-version":[{"id":24153,"href":"https:\/\/prvimaj.hr\/index.php?rest_route=\/wp\/v2\/posts\/24150\/revisions\/24153"}],"wp:featuredmedia":[{"embeddable":true,"href":"https:\/\/prvimaj.hr\/index.php?rest_route=\/wp\/v2\/media\/24151"}],"wp:attachment":[{"href":"https:\/\/prvimaj.hr\/index.php?rest_route=%2Fwp%2Fv2%2Fmedia&parent=24150"}],"wp:term":[{"taxonomy":"category","embeddable":true,"href":"https:\/\/prvimaj.hr\/index.php?rest_route=%2Fwp%2Fv2%2Fcategories&post=24150"},{"taxonomy":"post_tag","embeddable":true,"href":"https:\/\/prvimaj.hr\/index.php?rest_route=%2Fwp%2Fv2%2Ftags&post=24150"}],"curies":[{"name":"wp","href":"https:\/\/api.w.org\/{rel}","templated":true}]}}