{"id":24186,"date":"2025-08-21T07:15:46","date_gmt":"2025-08-21T06:15:46","guid":{"rendered":"https:\/\/prvimaj.hr\/?p=24186"},"modified":"2025-08-21T07:15:46","modified_gmt":"2025-08-21T06:15:46","slug":"mira-juricic","status":"publish","type":"post","link":"https:\/\/prvimaj.hr\/?p=24186","title":{"rendered":"Mira  Juri\u010di\u0107"},"content":{"rendered":"<p>Tu\u017enim srcem javljamo rodbini, prijateljima i znancima da nas je u srijedu 20.08.2025. godine u 71. godini \u017eivota napustila na\u0161a voljena<\/p>\n<h2 style=\"text-align: center\"><strong><em>MIRA\u00a0 \u00a0 JURI\u010cI\u0106<\/em><\/strong><\/h2>\n<h3 style=\"text-align: center\"><strong><em>( iz Rapca )<\/em><\/strong><\/h3>\n<p><!--more--><\/p>\n<p>Posljednji ispra\u0107aj na\u0161e voljene pokojnice biti \u0107e u petak 22.08.2025. godine u 13,00 sati iz Komemorativnog centra u Labinu na mjesno\u00a0 groblje Rabac.<\/p>\n<p><strong><em>O\u017ealo\u0161\u0107eni:<\/em><\/strong> suprug MLADEN, k\u0107erka EMANUELA sa DAVIDOM, sin ROBERTO sa MANUELOM unuci KAILASH, ALESSIA, DAMIAN, KARLO i VIKTOR, ne\u0107akinje TEA i SANDRA sa familijama, te ostala tuguju\u0107a rodbina.<\/p>\n\n\n<p><\/p>\n","protected":false},"excerpt":{"rendered":"<p>Tu\u017enim srcem javljamo rodbini, prijateljima i znancima da nas je u srijedu 20.08.2025. godine u 71. godini \u017eivota napustila na\u0161a voljena MIRA\u00a0 \u00a0 JURI\u010cI\u0106 ( iz Rapca )<\/p>\n","protected":false},"author":3,"featured_media":24185,"comment_status":"closed","ping_status":"closed","sticky":false,"template":"","format":"standard","meta":[],"categories":[3],"tags":[],"_links":{"self":[{"href":"https:\/\/prvimaj.hr\/index.php?rest_route=\/wp\/v2\/posts\/24186"}],"collection":[{"href":"https:\/\/prvimaj.hr\/index.php?rest_route=\/wp\/v2\/posts"}],"about":[{"href":"https:\/\/prvimaj.hr\/index.php?rest_route=\/wp\/v2\/types\/post"}],"author":[{"embeddable":true,"href":"https:\/\/prvimaj.hr\/index.php?rest_route=\/wp\/v2\/users\/3"}],"replies":[{"embeddable":true,"href":"https:\/\/prvimaj.hr\/index.php?rest_route=%2Fwp%2Fv2%2Fcomments&post=24186"}],"version-history":[{"count":1,"href":"https:\/\/prvimaj.hr\/index.php?rest_route=\/wp\/v2\/posts\/24186\/revisions"}],"predecessor-version":[{"id":24187,"href":"https:\/\/prvimaj.hr\/index.php?rest_route=\/wp\/v2\/posts\/24186\/revisions\/24187"}],"wp:featuredmedia":[{"embeddable":true,"href":"https:\/\/prvimaj.hr\/index.php?rest_route=\/wp\/v2\/media\/24185"}],"wp:attachment":[{"href":"https:\/\/prvimaj.hr\/index.php?rest_route=%2Fwp%2Fv2%2Fmedia&parent=24186"}],"wp:term":[{"taxonomy":"category","embeddable":true,"href":"https:\/\/prvimaj.hr\/index.php?rest_route=%2Fwp%2Fv2%2Fcategories&post=24186"},{"taxonomy":"post_tag","embeddable":true,"href":"https:\/\/prvimaj.hr\/index.php?rest_route=%2Fwp%2Fv2%2Ftags&post=24186"}],"curies":[{"name":"wp","href":"https:\/\/api.w.org\/{rel}","templated":true}]}}