{"id":24192,"date":"2025-08-25T07:27:43","date_gmt":"2025-08-25T06:27:43","guid":{"rendered":"https:\/\/prvimaj.hr\/?p=24192"},"modified":"2025-08-25T09:07:56","modified_gmt":"2025-08-25T08:07:56","slug":"jovanka-stanar","status":"publish","type":"post","link":"https:\/\/prvimaj.hr\/?p=24192","title":{"rendered":"Jovanka Stanar"},"content":{"rendered":"<p>U neizrecivoj boli, tu\u017ena srca opra\u0161tamo se od na\u0161e voljene<\/p>\n<h2 style=\"text-align: center\"><em><strong>JOVANKE\u00a0 \u00a0STANAR<\/strong><\/em><\/h2>\n<h3 style=\"text-align: center\"><em><strong>( ro\u0111. 1937. g )<\/strong><\/em><\/h3>\n<p><!--more-->Posljednji ispra\u0107aj na\u0161e voljene pokojnice biti \u0107e u utorak 26.08.2025. godine u krugu obitelji iz Komemorativnog centra u Labinu na gradsko groblje.<\/p>\n<p><em><strong>Molimo za tihu su\u0107ut.<\/strong><\/em><\/p>\n<p><em><strong>O\u017ealo\u0161\u0107eni:\u00a0<\/strong><\/em>k\u0107erke JOVANKA i RADANA, zeti DEAN i ANDERS, unuci GAETANO s NINOM, KATARINA s MARINETOM, AIDA s PETEROM, STEFANIA s ARIANOM i KARLO s NATALI, praunuci RIKARDO, ANTOANA, LUCIA, ISABELLA, MEJA, HAYLEI i FRANE te ostala tuguju\u0107a rodbina.<\/p>\n","protected":false},"excerpt":{"rendered":"<p>U neizrecivoj boli, tu\u017ena srca opra\u0161tamo se od na\u0161e voljene JOVANKE\u00a0 \u00a0STANAR ( ro\u0111. 1937. g )<\/p>\n","protected":false},"author":3,"featured_media":24193,"comment_status":"closed","ping_status":"closed","sticky":false,"template":"","format":"standard","meta":[],"categories":[3],"tags":[],"_links":{"self":[{"href":"https:\/\/prvimaj.hr\/index.php?rest_route=\/wp\/v2\/posts\/24192"}],"collection":[{"href":"https:\/\/prvimaj.hr\/index.php?rest_route=\/wp\/v2\/posts"}],"about":[{"href":"https:\/\/prvimaj.hr\/index.php?rest_route=\/wp\/v2\/types\/post"}],"author":[{"embeddable":true,"href":"https:\/\/prvimaj.hr\/index.php?rest_route=\/wp\/v2\/users\/3"}],"replies":[{"embeddable":true,"href":"https:\/\/prvimaj.hr\/index.php?rest_route=%2Fwp%2Fv2%2Fcomments&post=24192"}],"version-history":[{"count":3,"href":"https:\/\/prvimaj.hr\/index.php?rest_route=\/wp\/v2\/posts\/24192\/revisions"}],"predecessor-version":[{"id":24201,"href":"https:\/\/prvimaj.hr\/index.php?rest_route=\/wp\/v2\/posts\/24192\/revisions\/24201"}],"wp:featuredmedia":[{"embeddable":true,"href":"https:\/\/prvimaj.hr\/index.php?rest_route=\/wp\/v2\/media\/24193"}],"wp:attachment":[{"href":"https:\/\/prvimaj.hr\/index.php?rest_route=%2Fwp%2Fv2%2Fmedia&parent=24192"}],"wp:term":[{"taxonomy":"category","embeddable":true,"href":"https:\/\/prvimaj.hr\/index.php?rest_route=%2Fwp%2Fv2%2Fcategories&post=24192"},{"taxonomy":"post_tag","embeddable":true,"href":"https:\/\/prvimaj.hr\/index.php?rest_route=%2Fwp%2Fv2%2Ftags&post=24192"}],"curies":[{"name":"wp","href":"https:\/\/api.w.org\/{rel}","templated":true}]}}