{"id":24256,"date":"2025-09-05T06:03:34","date_gmt":"2025-09-05T05:03:34","guid":{"rendered":"https:\/\/prvimaj.hr\/?p=24256"},"modified":"2025-09-05T06:03:50","modified_gmt":"2025-09-05T05:03:50","slug":"oreste-goglia","status":"publish","type":"post","link":"https:\/\/prvimaj.hr\/?p=24256","title":{"rendered":"Oreste  Goglia"},"content":{"rendered":"<p>Zavr\u0161ila je nenadano \u017eivotna pri\u010da na\u0161eg voljenog<\/p>\n<h2 style=\"text-align: center\"><strong><em>ORESTE&nbsp; &nbsp; GOGLIA<\/em><\/strong><\/h2>\n<p><!--more--><\/p>\n<p>Od nje ga se opra\u0161tamo u tuzi i s ljubavlju.<\/p>\n<p>Posljednji ispra\u0107aj na\u0161eg voljenog pokojnika biti \u0107e u ponedjeljak 08.09.2025. godine u 11,00 sati iz Komemorativnog centra u Sv.Martinu &#8211; Martinskom na mjesno groblje.<\/p>\n<p><strong><em>O\u017ealo\u0161\u0107eni:&nbsp;<\/em><\/strong>sinovi DINO i FABIO, k\u0107erke ANDREA i LISA, sestra BRUNA s obitelji, kunjada MILICA, ne\u0107aci ADRIANO, BRUNO i EDI s obiteljima i njegova ANICA.<\/p>\n<p><\/p>\n\n\n<p><\/p>\n","protected":false},"excerpt":{"rendered":"<p>Zavr\u0161ila je nenadano \u017eivotna pri\u010da na\u0161eg voljenog ORESTE&nbsp; &nbsp; GOGLIA<\/p>\n","protected":false},"author":3,"featured_media":24255,"comment_status":"closed","ping_status":"closed","sticky":false,"template":"","format":"standard","meta":[],"categories":[3],"tags":[],"_links":{"self":[{"href":"https:\/\/prvimaj.hr\/index.php?rest_route=\/wp\/v2\/posts\/24256"}],"collection":[{"href":"https:\/\/prvimaj.hr\/index.php?rest_route=\/wp\/v2\/posts"}],"about":[{"href":"https:\/\/prvimaj.hr\/index.php?rest_route=\/wp\/v2\/types\/post"}],"author":[{"embeddable":true,"href":"https:\/\/prvimaj.hr\/index.php?rest_route=\/wp\/v2\/users\/3"}],"replies":[{"embeddable":true,"href":"https:\/\/prvimaj.hr\/index.php?rest_route=%2Fwp%2Fv2%2Fcomments&post=24256"}],"version-history":[{"count":2,"href":"https:\/\/prvimaj.hr\/index.php?rest_route=\/wp\/v2\/posts\/24256\/revisions"}],"predecessor-version":[{"id":24258,"href":"https:\/\/prvimaj.hr\/index.php?rest_route=\/wp\/v2\/posts\/24256\/revisions\/24258"}],"wp:featuredmedia":[{"embeddable":true,"href":"https:\/\/prvimaj.hr\/index.php?rest_route=\/wp\/v2\/media\/24255"}],"wp:attachment":[{"href":"https:\/\/prvimaj.hr\/index.php?rest_route=%2Fwp%2Fv2%2Fmedia&parent=24256"}],"wp:term":[{"taxonomy":"category","embeddable":true,"href":"https:\/\/prvimaj.hr\/index.php?rest_route=%2Fwp%2Fv2%2Fcategories&post=24256"},{"taxonomy":"post_tag","embeddable":true,"href":"https:\/\/prvimaj.hr\/index.php?rest_route=%2Fwp%2Fv2%2Ftags&post=24256"}],"curies":[{"name":"wp","href":"https:\/\/api.w.org\/{rel}","templated":true}]}}