{"id":24263,"date":"2025-09-05T07:12:35","date_gmt":"2025-09-05T06:12:35","guid":{"rendered":"https:\/\/prvimaj.hr\/?p=24263"},"modified":"2025-09-05T07:12:41","modified_gmt":"2025-09-05T06:12:41","slug":"dragisa-rnjak","status":"publish","type":"post","link":"https:\/\/prvimaj.hr\/?p=24263","title":{"rendered":"Dragi\u0161a Rnjak"},"content":{"rendered":"<p>S tugom u srcu javljamo rodbini, prijateljima i znancima da nas je u ponedjeljak 01.09.2025. godine u 63- oj godini \u017eivota napustio na\u0161 voljeni<\/p>\n<h2 style=\"text-align: center\"><em><strong>DRAGI\u0160A&nbsp; &nbsp;RNJAK<\/strong><\/em><\/h2>\n<p><!--more-->Posljednji ispra\u0107aj na\u0161eg voljenog pokojnika biti \u0107e u subotu 06.09.2025. godine u 12,00 sati iz Komemorativnog centra u Labinu a ukop \u0107e se obaviti na mjesnom groblju Ri\u0111ica &#8211; Srbija.<\/p>\n<p><em><strong>O\u017ealo\u0161\u0107ena rodbina i prijatelji<\/strong><\/em><\/p>\n","protected":false},"excerpt":{"rendered":"<p>S tugom u srcu javljamo rodbini, prijateljima i znancima da nas je u ponedjeljak 01.09.2025. godine u 63- oj godini \u017eivota napustio na\u0161 voljeni DRAGI\u0160A&nbsp; &nbsp;RNJAK<\/p>\n","protected":false},"author":3,"featured_media":24264,"comment_status":"closed","ping_status":"closed","sticky":false,"template":"","format":"standard","meta":[],"categories":[3],"tags":[],"_links":{"self":[{"href":"https:\/\/prvimaj.hr\/index.php?rest_route=\/wp\/v2\/posts\/24263"}],"collection":[{"href":"https:\/\/prvimaj.hr\/index.php?rest_route=\/wp\/v2\/posts"}],"about":[{"href":"https:\/\/prvimaj.hr\/index.php?rest_route=\/wp\/v2\/types\/post"}],"author":[{"embeddable":true,"href":"https:\/\/prvimaj.hr\/index.php?rest_route=\/wp\/v2\/users\/3"}],"replies":[{"embeddable":true,"href":"https:\/\/prvimaj.hr\/index.php?rest_route=%2Fwp%2Fv2%2Fcomments&post=24263"}],"version-history":[{"count":2,"href":"https:\/\/prvimaj.hr\/index.php?rest_route=\/wp\/v2\/posts\/24263\/revisions"}],"predecessor-version":[{"id":24266,"href":"https:\/\/prvimaj.hr\/index.php?rest_route=\/wp\/v2\/posts\/24263\/revisions\/24266"}],"wp:featuredmedia":[{"embeddable":true,"href":"https:\/\/prvimaj.hr\/index.php?rest_route=\/wp\/v2\/media\/24264"}],"wp:attachment":[{"href":"https:\/\/prvimaj.hr\/index.php?rest_route=%2Fwp%2Fv2%2Fmedia&parent=24263"}],"wp:term":[{"taxonomy":"category","embeddable":true,"href":"https:\/\/prvimaj.hr\/index.php?rest_route=%2Fwp%2Fv2%2Fcategories&post=24263"},{"taxonomy":"post_tag","embeddable":true,"href":"https:\/\/prvimaj.hr\/index.php?rest_route=%2Fwp%2Fv2%2Ftags&post=24263"}],"curies":[{"name":"wp","href":"https:\/\/api.w.org\/{rel}","templated":true}]}}