{"id":24471,"date":"2025-10-21T10:12:02","date_gmt":"2025-10-21T09:12:02","guid":{"rendered":"https:\/\/prvimaj.hr\/?p=24471"},"modified":"2025-10-21T10:12:24","modified_gmt":"2025-10-21T09:12:24","slug":"onorato-radovic","status":"publish","type":"post","link":"https:\/\/prvimaj.hr\/?p=24471","title":{"rendered":"Onorato  Radovi\u0107"},"content":{"rendered":"<p>S tugom u srcu javljamo rodbini, prijateljima i znancima da nas je u ponedjeljak 20.10.2025. godine u 96. godini \u017eivota napustio na\u0161a voljeni<\/p>\n<h2 style=\"text-align: center\"><strong><em>ONORATO&nbsp; &nbsp; RADOVI\u0106<\/em><\/strong><\/h2>\n<h3 style=\"text-align: center\"><strong><em>( iz \u0160umbera )<\/em><\/strong><\/h3>\n<p><!--more--><\/p>\n<p>Posljednji ispra\u0107aj na\u0161eg voljenog pokojnika biti \u0107e u \u010detvrtak 23.10.2025. godine u krugu obitelji iz Komemorativnog centra u \u0160umberu na mjesno groblje.<\/p>\n<p><strong><em>O\u017ealo\u0161\u0107eni:&nbsp;<\/em><\/strong>supruga NETA, sin DARIO, k\u0107erka ORNELA, zet DAMIR, unuci ALVARO, MANUELA, ANA, ELENA, praunuci MANOLO, MARK i ALEKS, sestra PINA sa familijom, te ostala tuguju\u0107a rodbina.&nbsp;<\/p>\n\n\n<p><\/p>\n","protected":false},"excerpt":{"rendered":"<p>S tugom u srcu javljamo rodbini, prijateljima i znancima da nas je u ponedjeljak 20.10.2025. godine u 96. godini \u017eivota napustio na\u0161a voljeni ONORATO&nbsp; &nbsp; RADOVI\u0106 ( iz \u0160umbera )<\/p>\n","protected":false},"author":3,"featured_media":24470,"comment_status":"closed","ping_status":"closed","sticky":false,"template":"","format":"standard","meta":[],"categories":[3],"tags":[],"_links":{"self":[{"href":"https:\/\/prvimaj.hr\/index.php?rest_route=\/wp\/v2\/posts\/24471"}],"collection":[{"href":"https:\/\/prvimaj.hr\/index.php?rest_route=\/wp\/v2\/posts"}],"about":[{"href":"https:\/\/prvimaj.hr\/index.php?rest_route=\/wp\/v2\/types\/post"}],"author":[{"embeddable":true,"href":"https:\/\/prvimaj.hr\/index.php?rest_route=\/wp\/v2\/users\/3"}],"replies":[{"embeddable":true,"href":"https:\/\/prvimaj.hr\/index.php?rest_route=%2Fwp%2Fv2%2Fcomments&post=24471"}],"version-history":[{"count":2,"href":"https:\/\/prvimaj.hr\/index.php?rest_route=\/wp\/v2\/posts\/24471\/revisions"}],"predecessor-version":[{"id":24473,"href":"https:\/\/prvimaj.hr\/index.php?rest_route=\/wp\/v2\/posts\/24471\/revisions\/24473"}],"wp:featuredmedia":[{"embeddable":true,"href":"https:\/\/prvimaj.hr\/index.php?rest_route=\/wp\/v2\/media\/24470"}],"wp:attachment":[{"href":"https:\/\/prvimaj.hr\/index.php?rest_route=%2Fwp%2Fv2%2Fmedia&parent=24471"}],"wp:term":[{"taxonomy":"category","embeddable":true,"href":"https:\/\/prvimaj.hr\/index.php?rest_route=%2Fwp%2Fv2%2Fcategories&post=24471"},{"taxonomy":"post_tag","embeddable":true,"href":"https:\/\/prvimaj.hr\/index.php?rest_route=%2Fwp%2Fv2%2Ftags&post=24471"}],"curies":[{"name":"wp","href":"https:\/\/api.w.org\/{rel}","templated":true}]}}