{"id":24474,"date":"2025-10-23T07:29:48","date_gmt":"2025-10-23T06:29:48","guid":{"rendered":"https:\/\/prvimaj.hr\/?p=24474"},"modified":"2025-10-23T07:29:56","modified_gmt":"2025-10-23T06:29:56","slug":"pierina-kirsic-2","status":"publish","type":"post","link":"https:\/\/prvimaj.hr\/?p=24474","title":{"rendered":"Pierina Kir\u0161i\u0107"},"content":{"rendered":"<p>S tugom u srcu javljamo rodbini, prijateljima i znancima da nas je u srijedu 22.10.2025. godine u 91- oj godini \u017eivota napustila na\u0161a voljena<\/p>\n<h2 style=\"text-align: center\"><em><strong>PIERINA&nbsp; &nbsp;KIR\u0160I\u0106<\/strong><\/em><\/h2>\n<h3 style=\"text-align: center\"><em><strong>( ro\u0111. Stepan\u010di\u0107 )<\/strong><\/em><\/h3>\n<p><!--more-->Posljednji ispra\u0107aj na\u0161e voljene pokojnice biti \u0107e u petak 24.10.2025. godine u 14,00 sati iz Komemorativnog centra u Sv. Nedelji &#8211; Nede\u0161\u0107ini na mjesno groblje.<\/p>\n<p><em><strong>O\u017ealo\u0161\u0107eni:&nbsp;<\/strong><\/em>k\u0107erke MARICA, RENATA i GLORIJA, zeti MIRKO, VALTER i DAMIR, unuci JASNA s DEANOM, NENAD, IVAN s REBECCOM, TAMARA s ZORANOM, IVANA s MAURICIOM, ANA s ROBIJEM i MARIO s NOLOM, praunuci JOSIP, ARTHUR LUKA i JURAJ, ne\u0107aci sa obiteljima te ostala tuguju\u0107a rodbina.<\/p>\n","protected":false},"excerpt":{"rendered":"<p>S tugom u srcu javljamo rodbini, prijateljima i znancima da nas je u srijedu 22.10.2025. godine u 91- oj godini \u017eivota napustila na\u0161a voljena PIERINA&nbsp; &nbsp;KIR\u0160I\u0106 ( ro\u0111. Stepan\u010di\u0107 )<\/p>\n","protected":false},"author":3,"featured_media":24475,"comment_status":"closed","ping_status":"closed","sticky":false,"template":"","format":"standard","meta":[],"categories":[3],"tags":[],"_links":{"self":[{"href":"https:\/\/prvimaj.hr\/index.php?rest_route=\/wp\/v2\/posts\/24474"}],"collection":[{"href":"https:\/\/prvimaj.hr\/index.php?rest_route=\/wp\/v2\/posts"}],"about":[{"href":"https:\/\/prvimaj.hr\/index.php?rest_route=\/wp\/v2\/types\/post"}],"author":[{"embeddable":true,"href":"https:\/\/prvimaj.hr\/index.php?rest_route=\/wp\/v2\/users\/3"}],"replies":[{"embeddable":true,"href":"https:\/\/prvimaj.hr\/index.php?rest_route=%2Fwp%2Fv2%2Fcomments&post=24474"}],"version-history":[{"count":2,"href":"https:\/\/prvimaj.hr\/index.php?rest_route=\/wp\/v2\/posts\/24474\/revisions"}],"predecessor-version":[{"id":24477,"href":"https:\/\/prvimaj.hr\/index.php?rest_route=\/wp\/v2\/posts\/24474\/revisions\/24477"}],"wp:featuredmedia":[{"embeddable":true,"href":"https:\/\/prvimaj.hr\/index.php?rest_route=\/wp\/v2\/media\/24475"}],"wp:attachment":[{"href":"https:\/\/prvimaj.hr\/index.php?rest_route=%2Fwp%2Fv2%2Fmedia&parent=24474"}],"wp:term":[{"taxonomy":"category","embeddable":true,"href":"https:\/\/prvimaj.hr\/index.php?rest_route=%2Fwp%2Fv2%2Fcategories&post=24474"},{"taxonomy":"post_tag","embeddable":true,"href":"https:\/\/prvimaj.hr\/index.php?rest_route=%2Fwp%2Fv2%2Ftags&post=24474"}],"curies":[{"name":"wp","href":"https:\/\/api.w.org\/{rel}","templated":true}]}}