{"id":24506,"date":"2025-10-29T08:19:29","date_gmt":"2025-10-29T07:19:29","guid":{"rendered":"https:\/\/prvimaj.hr\/?p=24506"},"modified":"2025-10-29T09:19:59","modified_gmt":"2025-10-29T08:19:59","slug":"lucano-diminici","status":"publish","type":"post","link":"https:\/\/prvimaj.hr\/?p=24506","title":{"rendered":"Lu\u010dano Dimini\u0107"},"content":{"rendered":"<p>S tugom u srcu javljamo rodbini, prijateljima i znancima da nas je u nedjelju 26.10.2025. godine u 85- oj godini \u017eivota napustio na\u0161 voljeni<\/p>\n<h2 style=\"text-align: center\"><em><strong>LU\u010cANO&nbsp; &nbsp;DIMINI\u0106<\/strong><\/em><\/h2>\n<h3 style=\"text-align: center\"><em><strong>( iz Be\u010di\u0107i )<\/strong><\/em><\/h3>\n<p><!--more-->Posljednji ispra\u0107aj na\u0161eg voljenog pokojnika bit \u0107e u \u010detvrtak 30.10.2025. godine u krugu obitelji na mjesnom groblju Skita\u010da.<\/p>\n<p><em><strong>O\u017ealo\u0161\u0107eni:&nbsp;<\/strong><\/em>supruga MIRANDA, unuk ANTEO, brat ECIO sa familijom, sestra MARIJA sa familijom te ostala tuguju\u0107a rodbina.<\/p>\n<h3 style=\"text-align: center\"><em><strong>&nbsp;<\/strong><\/em><\/h3>\n<p><!--more--><\/p>\n","protected":false},"excerpt":{"rendered":"<p>S tugom u srcu javljamo rodbini, prijateljima i znancima da nas je u nedjelju 26.10.2025. godine u 85- oj godini \u017eivota napustio na\u0161 voljeni LU\u010cANO&nbsp; &nbsp;DIMINI\u0106 ( iz Be\u010di\u0107i )<\/p>\n","protected":false},"author":3,"featured_media":24507,"comment_status":"closed","ping_status":"closed","sticky":false,"template":"","format":"standard","meta":[],"categories":[3],"tags":[],"_links":{"self":[{"href":"https:\/\/prvimaj.hr\/index.php?rest_route=\/wp\/v2\/posts\/24506"}],"collection":[{"href":"https:\/\/prvimaj.hr\/index.php?rest_route=\/wp\/v2\/posts"}],"about":[{"href":"https:\/\/prvimaj.hr\/index.php?rest_route=\/wp\/v2\/types\/post"}],"author":[{"embeddable":true,"href":"https:\/\/prvimaj.hr\/index.php?rest_route=\/wp\/v2\/users\/3"}],"replies":[{"embeddable":true,"href":"https:\/\/prvimaj.hr\/index.php?rest_route=%2Fwp%2Fv2%2Fcomments&post=24506"}],"version-history":[{"count":3,"href":"https:\/\/prvimaj.hr\/index.php?rest_route=\/wp\/v2\/posts\/24506\/revisions"}],"predecessor-version":[{"id":24510,"href":"https:\/\/prvimaj.hr\/index.php?rest_route=\/wp\/v2\/posts\/24506\/revisions\/24510"}],"wp:featuredmedia":[{"embeddable":true,"href":"https:\/\/prvimaj.hr\/index.php?rest_route=\/wp\/v2\/media\/24507"}],"wp:attachment":[{"href":"https:\/\/prvimaj.hr\/index.php?rest_route=%2Fwp%2Fv2%2Fmedia&parent=24506"}],"wp:term":[{"taxonomy":"category","embeddable":true,"href":"https:\/\/prvimaj.hr\/index.php?rest_route=%2Fwp%2Fv2%2Fcategories&post=24506"},{"taxonomy":"post_tag","embeddable":true,"href":"https:\/\/prvimaj.hr\/index.php?rest_route=%2Fwp%2Fv2%2Ftags&post=24506"}],"curies":[{"name":"wp","href":"https:\/\/api.w.org\/{rel}","templated":true}]}}