{"id":25669,"date":"2026-04-28T07:48:00","date_gmt":"2026-04-28T06:48:00","guid":{"rendered":"https:\/\/prvimaj.hr\/?p=25669"},"modified":"2026-04-28T07:48:07","modified_gmt":"2026-04-28T06:48:07","slug":"elvis-piffar","status":"publish","type":"post","link":"https:\/\/prvimaj.hr\/?p=25669","title":{"rendered":"Elvis Piffar"},"content":{"rendered":"<p>S tugom u srcu javljamo rodbini, prijateljima i znancima da nas je u nedjelju 26.04.2026. godine u 59. godini \u017eivota napustio na\u0161 voljeni<\/p>\n<h2 style=\"text-align: center\"><em><strong>ELVIS&nbsp; &nbsp;PIFFAR<\/strong><\/em><\/h2>\n<h3 style=\"text-align: center\"><em><strong>( iz Labina )<\/strong><\/em><\/h3>\n<p><!--more-->Posljednji ispra\u0107aj na\u0161eg voljenog pokojnika bit \u0107e u srijedu 29.04.2026. godine u krugu obitelji i prijatelja iz Komemorativnog centra u Labinu na gradsko groblje.<\/p>\n<p><em><strong>Tuguju\u0107a obitelj<\/strong><\/em><\/p>\n","protected":false},"excerpt":{"rendered":"<p>S tugom u srcu javljamo rodbini, prijateljima i znancima da nas je u nedjelju 26.04.2026. godine u 59. godini \u017eivota napustio na\u0161 voljeni ELVIS&nbsp; &nbsp;PIFFAR ( iz Labina )<\/p>\n","protected":false},"author":3,"featured_media":25670,"comment_status":"closed","ping_status":"closed","sticky":false,"template":"","format":"standard","meta":[],"categories":[3],"tags":[],"_links":{"self":[{"href":"https:\/\/prvimaj.hr\/index.php?rest_route=\/wp\/v2\/posts\/25669"}],"collection":[{"href":"https:\/\/prvimaj.hr\/index.php?rest_route=\/wp\/v2\/posts"}],"about":[{"href":"https:\/\/prvimaj.hr\/index.php?rest_route=\/wp\/v2\/types\/post"}],"author":[{"embeddable":true,"href":"https:\/\/prvimaj.hr\/index.php?rest_route=\/wp\/v2\/users\/3"}],"replies":[{"embeddable":true,"href":"https:\/\/prvimaj.hr\/index.php?rest_route=%2Fwp%2Fv2%2Fcomments&post=25669"}],"version-history":[{"count":2,"href":"https:\/\/prvimaj.hr\/index.php?rest_route=\/wp\/v2\/posts\/25669\/revisions"}],"predecessor-version":[{"id":25672,"href":"https:\/\/prvimaj.hr\/index.php?rest_route=\/wp\/v2\/posts\/25669\/revisions\/25672"}],"wp:featuredmedia":[{"embeddable":true,"href":"https:\/\/prvimaj.hr\/index.php?rest_route=\/wp\/v2\/media\/25670"}],"wp:attachment":[{"href":"https:\/\/prvimaj.hr\/index.php?rest_route=%2Fwp%2Fv2%2Fmedia&parent=25669"}],"wp:term":[{"taxonomy":"category","embeddable":true,"href":"https:\/\/prvimaj.hr\/index.php?rest_route=%2Fwp%2Fv2%2Fcategories&post=25669"},{"taxonomy":"post_tag","embeddable":true,"href":"https:\/\/prvimaj.hr\/index.php?rest_route=%2Fwp%2Fv2%2Ftags&post=25669"}],"curies":[{"name":"wp","href":"https:\/\/api.w.org\/{rel}","templated":true}]}}