{"id":25673,"date":"2026-04-28T10:18:27","date_gmt":"2026-04-28T09:18:27","guid":{"rendered":"https:\/\/prvimaj.hr\/?p=25673"},"modified":"2026-04-28T10:18:33","modified_gmt":"2026-04-28T09:18:33","slug":"sonja-rabar","status":"publish","type":"post","link":"https:\/\/prvimaj.hr\/?p=25673","title":{"rendered":"Sonja Rabar"},"content":{"rendered":"<p>S tugom u srcu javljamo rodbini, prijateljima i znancima da nas je u ponedjeljak 27.04.2026. godine u 77- oj godini \u017eivota napustila na\u0161a voljena<\/p>\n<h2 style=\"text-align: center\"><em><strong>SONJA&nbsp; &nbsp;RABAR<\/strong><\/em><\/h2>\n<h3 style=\"text-align: center\"><em><strong>( iz Kr\u0161ana )<\/strong><\/em><\/h3>\n<p><!--more-->Posljednji ispra\u0107aj na\u0161e voljene pokojnice biti \u0107e u srijedu 29.04.2026. godine u 14,00 sati iz Komemorativnog centra u Kr\u0161anu na mjesno groblje.<\/p>\n<p><em><strong>O\u017ealo\u0161\u0107eni:&nbsp;<\/strong><\/em>sin DAMIR, nevjesta MIRJANA, unuke KEROL s PETROM i KARMEN, te ostala tuguju\u0107a rodbina.<\/p>\n\n\n<p><\/p>\n","protected":false},"excerpt":{"rendered":"<p>S tugom u srcu javljamo rodbini, prijateljima i znancima da nas je u ponedjeljak 27.04.2026. godine u 77- oj godini \u017eivota napustila na\u0161a voljena SONJA&nbsp; &nbsp;RABAR ( iz Kr\u0161ana )<\/p>\n","protected":false},"author":3,"featured_media":25674,"comment_status":"closed","ping_status":"closed","sticky":false,"template":"","format":"standard","meta":[],"categories":[3],"tags":[],"_links":{"self":[{"href":"https:\/\/prvimaj.hr\/index.php?rest_route=\/wp\/v2\/posts\/25673"}],"collection":[{"href":"https:\/\/prvimaj.hr\/index.php?rest_route=\/wp\/v2\/posts"}],"about":[{"href":"https:\/\/prvimaj.hr\/index.php?rest_route=\/wp\/v2\/types\/post"}],"author":[{"embeddable":true,"href":"https:\/\/prvimaj.hr\/index.php?rest_route=\/wp\/v2\/users\/3"}],"replies":[{"embeddable":true,"href":"https:\/\/prvimaj.hr\/index.php?rest_route=%2Fwp%2Fv2%2Fcomments&post=25673"}],"version-history":[{"count":2,"href":"https:\/\/prvimaj.hr\/index.php?rest_route=\/wp\/v2\/posts\/25673\/revisions"}],"predecessor-version":[{"id":25676,"href":"https:\/\/prvimaj.hr\/index.php?rest_route=\/wp\/v2\/posts\/25673\/revisions\/25676"}],"wp:featuredmedia":[{"embeddable":true,"href":"https:\/\/prvimaj.hr\/index.php?rest_route=\/wp\/v2\/media\/25674"}],"wp:attachment":[{"href":"https:\/\/prvimaj.hr\/index.php?rest_route=%2Fwp%2Fv2%2Fmedia&parent=25673"}],"wp:term":[{"taxonomy":"category","embeddable":true,"href":"https:\/\/prvimaj.hr\/index.php?rest_route=%2Fwp%2Fv2%2Fcategories&post=25673"},{"taxonomy":"post_tag","embeddable":true,"href":"https:\/\/prvimaj.hr\/index.php?rest_route=%2Fwp%2Fv2%2Ftags&post=25673"}],"curies":[{"name":"wp","href":"https:\/\/api.w.org\/{rel}","templated":true}]}}