{"id":25677,"date":"2026-04-29T07:43:36","date_gmt":"2026-04-29T06:43:36","guid":{"rendered":"https:\/\/prvimaj.hr\/?p=25677"},"modified":"2026-04-29T07:43:42","modified_gmt":"2026-04-29T06:43:42","slug":"danfranko-sturbej","status":"publish","type":"post","link":"https:\/\/prvimaj.hr\/?p=25677","title":{"rendered":"\u0110anfranko \u0160turbej"},"content":{"rendered":"<p>S tugom u srcu javljamo svoj rodbini, prijateljima i znancima da nas je u ponedjeljak 27.04.2026. godine u 63. godini \u017eivota napustio na\u0161 voljeni otac, nono i brat<\/p>\n<h2 style=\"text-align: center\"><em><strong>\u0110ANFRANKO&nbsp; &nbsp;\u0160TURBEJ<\/strong><\/em><\/h2>\n<h3 style=\"text-align: center\"><em><strong>( iz \u010cepi\u0107a )<\/strong><\/em><\/h3>\n<p><!--more-->Posljednji ispra\u0107aj na\u0161eg voljenog pokojnika bit \u0107e u \u010detvrtak 30.04.2026. godine u 14,00 sati iz Komemorativnog centra u \u010cepi\u0107u na mjesno groblje.<\/p>\n<p><em><strong>O\u017ealo\u0161\u0107eni:&nbsp;<\/strong><\/em>k\u0107erka SAMANTA, sin MARCEL, nevjesta SANJA, unuka LANA, brat ALEKSANDAR sa familijom te ostala tuguju\u0107a rodbina.<\/p>\n","protected":false},"excerpt":{"rendered":"<p>S tugom u srcu javljamo svoj rodbini, prijateljima i znancima da nas je u ponedjeljak 27.04.2026. godine u 63. godini \u017eivota napustio na\u0161 voljeni otac, nono i brat \u0110ANFRANKO&nbsp; &nbsp;\u0160TURBEJ ( iz \u010cepi\u0107a )<\/p>\n","protected":false},"author":3,"featured_media":25678,"comment_status":"closed","ping_status":"closed","sticky":false,"template":"","format":"standard","meta":[],"categories":[3],"tags":[],"_links":{"self":[{"href":"https:\/\/prvimaj.hr\/index.php?rest_route=\/wp\/v2\/posts\/25677"}],"collection":[{"href":"https:\/\/prvimaj.hr\/index.php?rest_route=\/wp\/v2\/posts"}],"about":[{"href":"https:\/\/prvimaj.hr\/index.php?rest_route=\/wp\/v2\/types\/post"}],"author":[{"embeddable":true,"href":"https:\/\/prvimaj.hr\/index.php?rest_route=\/wp\/v2\/users\/3"}],"replies":[{"embeddable":true,"href":"https:\/\/prvimaj.hr\/index.php?rest_route=%2Fwp%2Fv2%2Fcomments&post=25677"}],"version-history":[{"count":2,"href":"https:\/\/prvimaj.hr\/index.php?rest_route=\/wp\/v2\/posts\/25677\/revisions"}],"predecessor-version":[{"id":25680,"href":"https:\/\/prvimaj.hr\/index.php?rest_route=\/wp\/v2\/posts\/25677\/revisions\/25680"}],"wp:featuredmedia":[{"embeddable":true,"href":"https:\/\/prvimaj.hr\/index.php?rest_route=\/wp\/v2\/media\/25678"}],"wp:attachment":[{"href":"https:\/\/prvimaj.hr\/index.php?rest_route=%2Fwp%2Fv2%2Fmedia&parent=25677"}],"wp:term":[{"taxonomy":"category","embeddable":true,"href":"https:\/\/prvimaj.hr\/index.php?rest_route=%2Fwp%2Fv2%2Fcategories&post=25677"},{"taxonomy":"post_tag","embeddable":true,"href":"https:\/\/prvimaj.hr\/index.php?rest_route=%2Fwp%2Fv2%2Ftags&post=25677"}],"curies":[{"name":"wp","href":"https:\/\/api.w.org\/{rel}","templated":true}]}}