{"id":25690,"date":"2026-04-30T06:58:10","date_gmt":"2026-04-30T05:58:10","guid":{"rendered":"https:\/\/prvimaj.hr\/?p=25690"},"modified":"2026-04-30T06:58:17","modified_gmt":"2026-04-30T05:58:17","slug":"justa-gobo","status":"publish","type":"post","link":"https:\/\/prvimaj.hr\/?p=25690","title":{"rendered":"Justa Gobo"},"content":{"rendered":"<p>S tugom u srcu javljamo rodbini, prijateljima i znancima da nas je u nedjelju 26.04.2026. godine u 97. godini \u017eivota napustila na\u0161a voljena<\/p>\n<h2 style=\"text-align: center\"><em><strong>JUSTA&nbsp; &nbsp;GOBO<\/strong><\/em><\/h2>\n<h3 style=\"text-align: center\"><em><strong>( ro\u0111. Pavi\u0107 )<\/strong><\/em><\/h3>\n<p><!--more-->Posljednji ispra\u0107aj na\u0161e voljene pokojnice bit \u0107e u subotu 02.05.2026. godine u 11,00 sati iz Komemorativnog centra u Sv. Lovre\u010du Labinskom &#8211; Dimini\u0107i na mjesno groblje.<\/p>\n<p><em><strong>O\u017ealo\u0161\u0107eni:&nbsp;<\/strong><\/em>k\u0107erka ENI, sin SRE\u0106KO, zet \u0160IME, nevjesta KATICA, unuk ANTE s obitelji, unuka KATARINA s obitelji te ostala tuguju\u0107a rodbina i prijatelji.<\/p>\n","protected":false},"excerpt":{"rendered":"<p>S tugom u srcu javljamo rodbini, prijateljima i znancima da nas je u nedjelju 26.04.2026. godine u 97. godini \u017eivota napustila na\u0161a voljena JUSTA&nbsp; &nbsp;GOBO ( ro\u0111. Pavi\u0107 )<\/p>\n","protected":false},"author":3,"featured_media":25691,"comment_status":"closed","ping_status":"closed","sticky":false,"template":"","format":"standard","meta":[],"categories":[3],"tags":[],"_links":{"self":[{"href":"https:\/\/prvimaj.hr\/index.php?rest_route=\/wp\/v2\/posts\/25690"}],"collection":[{"href":"https:\/\/prvimaj.hr\/index.php?rest_route=\/wp\/v2\/posts"}],"about":[{"href":"https:\/\/prvimaj.hr\/index.php?rest_route=\/wp\/v2\/types\/post"}],"author":[{"embeddable":true,"href":"https:\/\/prvimaj.hr\/index.php?rest_route=\/wp\/v2\/users\/3"}],"replies":[{"embeddable":true,"href":"https:\/\/prvimaj.hr\/index.php?rest_route=%2Fwp%2Fv2%2Fcomments&post=25690"}],"version-history":[{"count":2,"href":"https:\/\/prvimaj.hr\/index.php?rest_route=\/wp\/v2\/posts\/25690\/revisions"}],"predecessor-version":[{"id":25693,"href":"https:\/\/prvimaj.hr\/index.php?rest_route=\/wp\/v2\/posts\/25690\/revisions\/25693"}],"wp:featuredmedia":[{"embeddable":true,"href":"https:\/\/prvimaj.hr\/index.php?rest_route=\/wp\/v2\/media\/25691"}],"wp:attachment":[{"href":"https:\/\/prvimaj.hr\/index.php?rest_route=%2Fwp%2Fv2%2Fmedia&parent=25690"}],"wp:term":[{"taxonomy":"category","embeddable":true,"href":"https:\/\/prvimaj.hr\/index.php?rest_route=%2Fwp%2Fv2%2Fcategories&post=25690"},{"taxonomy":"post_tag","embeddable":true,"href":"https:\/\/prvimaj.hr\/index.php?rest_route=%2Fwp%2Fv2%2Ftags&post=25690"}],"curies":[{"name":"wp","href":"https:\/\/api.w.org\/{rel}","templated":true}]}}