{"id":25695,"date":"2026-04-30T07:29:13","date_gmt":"2026-04-30T06:29:13","guid":{"rendered":"https:\/\/prvimaj.hr\/?p=25695"},"modified":"2026-04-30T07:29:13","modified_gmt":"2026-04-30T06:29:13","slug":"od-1-svibnja-produzeno-radno-vrijeme-reciklaznog-dvorista-u-labinu","status":"publish","type":"post","link":"https:\/\/prvimaj.hr\/?p=25695","title":{"rendered":"Od 1. svibnja produ\u017eeno radno vrijeme recikla\u017enog dvori\u0161ta u Labinu"},"content":{"rendered":"<p><a href=\"https:\/\/prvimaj.hr\/?attachment_id=8477\" rel=\"attachment wp-att-8477\"><img loading=\"lazy\" class=\"alignnone  wp-image-8477\" src=\"https:\/\/prvimaj.hr\/wp-content\/uploads\/2019\/01\/RD-Labin-2.jpg\" alt=\"Recikla\u017ena dvori\u0161ta\" width=\"329\" height=\"160\" srcset=\"https:\/\/prvimaj.hr\/wp-content\/uploads\/2019\/01\/RD-Labin-2.jpg 1280w, https:\/\/prvimaj.hr\/wp-content\/uploads\/2019\/01\/RD-Labin-2-300x146.jpg 300w, https:\/\/prvimaj.hr\/wp-content\/uploads\/2019\/01\/RD-Labin-2-768x373.jpg 768w, https:\/\/prvimaj.hr\/wp-content\/uploads\/2019\/01\/RD-Labin-2-150x73.jpg 150w\" sizes=\"(max-width: 329px) 100vw, 329px\" \/><\/a><\/p>\n<p>Recikla\u017eno dvori\u0161te u\u00a0<strong>Labinu<\/strong> (Starci, Pulska ulica bb) mijenja od 1. svibnja 2026. godine svoje radno vrijeme. Novo radno vrijeme je:<\/p>\n<ul>\n<li>ponedjeljak \u2013 petak: 7,00 \u2013 17,00<\/li>\n<li>subotama: 7,00 \u2013 12,00<\/li>\n<li>nedjeljama i praznicima: zatvoreno<\/li>\n<\/ul>\n","protected":false},"excerpt":{"rendered":"<p>Recikla\u017eno dvori\u0161te u\u00a0Labinu (Starci, Pulska ulica bb) mijenja od 1. svibnja 2026. godine svoje radno vrijeme. Novo radno vrijeme je: ponedjeljak \u2013 petak: 7,00 \u2013 17,00 subotama: 7,00 \u2013 12,00 nedjeljama i praznicima: zatvoreno<\/p>\n","protected":false},"author":2,"featured_media":0,"comment_status":"closed","ping_status":"closed","sticky":true,"template":"","format":"standard","meta":[],"categories":[2],"tags":[],"_links":{"self":[{"href":"https:\/\/prvimaj.hr\/index.php?rest_route=\/wp\/v2\/posts\/25695"}],"collection":[{"href":"https:\/\/prvimaj.hr\/index.php?rest_route=\/wp\/v2\/posts"}],"about":[{"href":"https:\/\/prvimaj.hr\/index.php?rest_route=\/wp\/v2\/types\/post"}],"author":[{"embeddable":true,"href":"https:\/\/prvimaj.hr\/index.php?rest_route=\/wp\/v2\/users\/2"}],"replies":[{"embeddable":true,"href":"https:\/\/prvimaj.hr\/index.php?rest_route=%2Fwp%2Fv2%2Fcomments&post=25695"}],"version-history":[{"count":1,"href":"https:\/\/prvimaj.hr\/index.php?rest_route=\/wp\/v2\/posts\/25695\/revisions"}],"predecessor-version":[{"id":25696,"href":"https:\/\/prvimaj.hr\/index.php?rest_route=\/wp\/v2\/posts\/25695\/revisions\/25696"}],"wp:attachment":[{"href":"https:\/\/prvimaj.hr\/index.php?rest_route=%2Fwp%2Fv2%2Fmedia&parent=25695"}],"wp:term":[{"taxonomy":"category","embeddable":true,"href":"https:\/\/prvimaj.hr\/index.php?rest_route=%2Fwp%2Fv2%2Fcategories&post=25695"},{"taxonomy":"post_tag","embeddable":true,"href":"https:\/\/prvimaj.hr\/index.php?rest_route=%2Fwp%2Fv2%2Ftags&post=25695"}],"curies":[{"name":"wp","href":"https:\/\/api.w.org\/{rel}","templated":true}]}}