{"id":25701,"date":"2026-04-30T11:38:40","date_gmt":"2026-04-30T10:38:40","guid":{"rendered":"https:\/\/prvimaj.hr\/?p=25701"},"modified":"2026-04-30T11:38:41","modified_gmt":"2026-04-30T10:38:41","slug":"zelis-li-biti-cuvar-cistoce-nase-labinstine","status":"publish","type":"post","link":"https:\/\/prvimaj.hr\/?p=25701","title":{"rendered":"\u017deli\u0161 li biti \u010duvar \u010disto\u0107e na\u0161e Labin\u0161tine?"},"content":{"rendered":"<p><a href=\"https:\/\/prvimaj.hr\/?attachment_id=24748\" rel=\"attachment wp-att-24748\"><img loading=\"lazy\" class=\"alignnone  wp-image-24748\" src=\"https:\/\/prvimaj.hr\/wp-content\/uploads\/2025\/12\/591836046_1455486516580053_6619881887936227913_n.jpg\" alt=\"\" width=\"252\" height=\"189\" srcset=\"https:\/\/prvimaj.hr\/wp-content\/uploads\/2025\/12\/591836046_1455486516580053_6619881887936227913_n.jpg 2048w, https:\/\/prvimaj.hr\/wp-content\/uploads\/2025\/12\/591836046_1455486516580053_6619881887936227913_n-300x225.jpg 300w, https:\/\/prvimaj.hr\/wp-content\/uploads\/2025\/12\/591836046_1455486516580053_6619881887936227913_n-2000x1500.jpg 2000w, https:\/\/prvimaj.hr\/wp-content\/uploads\/2025\/12\/591836046_1455486516580053_6619881887936227913_n-768x576.jpg 768w, https:\/\/prvimaj.hr\/wp-content\/uploads\/2025\/12\/591836046_1455486516580053_6619881887936227913_n-1536x1152.jpg 1536w, https:\/\/prvimaj.hr\/wp-content\/uploads\/2025\/12\/591836046_1455486516580053_6619881887936227913_n-150x113.jpg 150w\" sizes=\"(max-width: 252px) 100vw, 252px\" \/><\/a><\/p>\n<p>\u017deli\u0161 posao koji je temelj svake ure\u0111ene sredine? Tra\u017ei\u0161 stabilnost, rad u pokretu i priliku da tvoj trud odmah rezultira ljep\u0161im i \u010di\u0161\u0107im ulicama? Vjeruje\u0161 da je odgovorno gospodarenje otpadom korak prema zdravoj zajednici? Pridru\u017ei nam se na poziciji <b data-path-to-node=\"3\" data-index-in-node=\"248\">radnika\/ice na odvo\u017eenju otpada\u00a0<\/b>jer tra\u017eimo dvoje radnika\/ce.<\/p>\n<p><!--more--><\/p>\n<p data-path-to-node=\"4\">Ne tra\u017eimo samo osobe koje obavljaju fizi\u010dki rad; tra\u017eimo pouzdane \u010dlanove tima koji razumiju da bez njihovog doprinosa grad ne mo\u017ee disati. S nama budi onaj koji \u010dini razliku svakog jutra!<\/p>\n<h3 data-path-to-node=\"5\">\u0160to \u0107e\u0161 raditi?<\/h3>\n<ul data-path-to-node=\"6\">\n<li>\n<p data-path-to-node=\"6,0,0\"><b data-path-to-node=\"6,0,0\" data-index-in-node=\"0\">Odr\u017eavanje higijene naselja Labin\u0161tine:<\/b> Pra\u017enjenje spremnika za otpad i siguran utovar na specijalizirano vozilo.<\/p>\n<\/li>\n<li>\n<p data-path-to-node=\"6,1,0\"><b data-path-to-node=\"6,1,0\" data-index-in-node=\"0\">Briga o detaljima:<\/b> Ru\u010dno pometanje otpada koji se rasuo prilikom pra\u017enjenja, kako bi svaka lokacija ostala besprijekorna.<\/p>\n<\/li>\n<li>\n<p data-path-to-node=\"6,3,0\"><b data-path-to-node=\"6,3,0\" data-index-in-node=\"0\">Timski rad:<\/b> Bliska suradnja s voza\u010dem i kolegama kako bi radni dan protekao prije svega sigurno i u\u010dinkovito.<\/p>\n<\/li>\n<\/ul>\n<h3 data-path-to-node=\"7\">Koga tra\u017eimo?<\/h3>\n<p data-path-to-node=\"8\">Tra\u017eimo osobu koja je:<\/p>\n<ul data-path-to-node=\"9\">\n<li>\n<p data-path-to-node=\"9,0,0\"><b data-path-to-node=\"9,0,0\" data-index-in-node=\"0\">Vrijedna i odgovorna:<\/b> Netko tko cijeni po\u0161ten rad i razumije va\u017enost pru\u017eene usluge na\u0161im sugra\u0111anima.<\/p>\n<\/li>\n<li>\n<p data-path-to-node=\"9,1,0\"><b data-path-to-node=\"9,1,0\" data-index-in-node=\"0\">Fizi\u010dki spremna:<\/b> Za rad na otvorenom i dinami\u010dan tempo.<\/p>\n<\/li>\n<li>\n<p data-path-to-node=\"9,2,0\"><b data-path-to-node=\"9,2,0\" data-index-in-node=\"0\">Spremna na u\u010denje:<\/b> Bez obzira na prethodno iskustvo (koje nije uvjet), va\u017eno nam je da po\u0161tuje\u0161 radne upute i standarde kvalitete.<\/p>\n<\/li>\n<li>\n<p data-path-to-node=\"9,3,0\"><b data-path-to-node=\"9,3,0\" data-index-in-node=\"0\">Pouzdan suputnik:<\/b> Netko na koga se tim mo\u017ee osloniti u svakom trenutku.<\/p>\n<\/li>\n<\/ul>\n<h3 data-path-to-node=\"10\">\u0160to nudimo?<\/h3>\n<ul>\n<li>\n<p data-path-to-node=\"11,0,0\"><b data-path-to-node=\"11,0,0\" data-index-in-node=\"0\">Stabilnost i sigurnost:<\/b> Zaposlenje na <b data-path-to-node=\"11,0,0\" data-index-in-node=\"38\">neodre\u0111eno vrijeme<\/b> u sustavu koji jam\u010di redovita primanja.<\/p>\n<\/li>\n<li>\n<p data-path-to-node=\"11,1,0\"><b data-path-to-node=\"11,1,0\" data-index-in-node=\"0\">Puni paket pogodnosti:<\/b><\/p>\n<\/li>\n<li data-path-to-node=\"11,1,0\">Naknada za prijevoz.<\/li>\n<li data-path-to-node=\"11,1,0\">Svi dodaci (Bo\u017ei\u0107nica, Uskrsnica, Regres).<\/li>\n<li data-path-to-node=\"11,1,0\">Potpore za obitelj i darovi za djecu.<\/li>\n<li data-path-to-node=\"11,1,0\">Pla\u0107eni topli obrok.<\/li>\n<\/ul>\n<h3 data-path-to-node=\"12\">Za\u0161to odabrati ovaj posao?<\/h3>\n<ul data-path-to-node=\"13\">\n<li>\n<p data-path-to-node=\"13,0,0\"><b data-path-to-node=\"13,0,0\" data-index-in-node=\"0\">Doprinos zajednici:<\/b> Tvoj rad je prvi stup obrane \u010disto\u0107e i zdravlja svih nas.<\/p>\n<\/li>\n<li>\n<p data-path-to-node=\"13,1,0\"><b data-path-to-node=\"13,1,0\" data-index-in-node=\"0\">Dinami\u010dno okru\u017eenje:<\/b> Tvoj radni dan je ispunjen kretanjem na svje\u017eem zraku.<\/p>\n<\/li>\n<li>\n<p data-path-to-node=\"13,2,0\"><b data-path-to-node=\"13,2,0\" data-index-in-node=\"0\">Jasna pravila i sigurnost:<\/b> Radi\u0161 u ure\u0111enom sustavu s jasnim procesima i modernom opremom.<\/p>\n<\/li>\n<\/ul>\n<p data-path-to-node=\"14\"><b data-path-to-node=\"14\" data-index-in-node=\"0\">&#8220;\u010cisto\u0107a grada po\u010dinje tvojim korakom. Postani dio tima koji brine o na\u0161em zajedni\u010dkom domu!&#8221;<\/b><\/p>\n<p data-path-to-node=\"15\">Ako \u017eeli\u0161 stabilan posao na kojem se cijeni trud i rad, javi nam se!<\/p>\n<p data-path-to-node=\"16\"><b data-path-to-node=\"16\" data-index-in-node=\"0\">Prijave primamo od 30.4. do 11.5.2026. godine:<\/b><\/p>\n<ul data-path-to-node=\"17\">\n<li>\n<p data-path-to-node=\"17,0,0\"><b data-path-to-node=\"17,0,0\" data-index-in-node=\"0\">Osobni dolazak ili pisana zamolba:<\/b> Vine\u017e 81, 52220 Labin<\/p>\n<\/li>\n<li>\n<p data-path-to-node=\"17,1,0\"><b data-path-to-node=\"17,1,0\" data-index-in-node=\"0\">Telefon:<\/b> 052\/855-375<\/p>\n<\/li>\n<li>\n<p data-path-to-node=\"17,2,0\"><b data-path-to-node=\"17,2,0\" data-index-in-node=\"0\">E-mail:<\/b> andrea.kranjac@prvimaj.hr<\/p>\n<\/li>\n<\/ul>\n","protected":false},"excerpt":{"rendered":"<p>\u017deli\u0161 posao koji je temelj svake ure\u0111ene sredine? Tra\u017ei\u0161 stabilnost, rad u pokretu i priliku da tvoj trud odmah rezultira ljep\u0161im i \u010di\u0161\u0107im ulicama? Vjeruje\u0161 da je odgovorno gospodarenje otpadom korak prema zdravoj zajednici? Pridru\u017ei nam se na poziciji radnika\/ice na odvo\u017eenju otpada\u00a0jer tra\u017eimo dvoje radnika\/ce.<\/p>\n","protected":false},"author":2,"featured_media":0,"comment_status":"closed","ping_status":"closed","sticky":true,"template":"","format":"standard","meta":[],"categories":[2],"tags":[],"_links":{"self":[{"href":"https:\/\/prvimaj.hr\/index.php?rest_route=\/wp\/v2\/posts\/25701"}],"collection":[{"href":"https:\/\/prvimaj.hr\/index.php?rest_route=\/wp\/v2\/posts"}],"about":[{"href":"https:\/\/prvimaj.hr\/index.php?rest_route=\/wp\/v2\/types\/post"}],"author":[{"embeddable":true,"href":"https:\/\/prvimaj.hr\/index.php?rest_route=\/wp\/v2\/users\/2"}],"replies":[{"embeddable":true,"href":"https:\/\/prvimaj.hr\/index.php?rest_route=%2Fwp%2Fv2%2Fcomments&post=25701"}],"version-history":[{"count":1,"href":"https:\/\/prvimaj.hr\/index.php?rest_route=\/wp\/v2\/posts\/25701\/revisions"}],"predecessor-version":[{"id":25702,"href":"https:\/\/prvimaj.hr\/index.php?rest_route=\/wp\/v2\/posts\/25701\/revisions\/25702"}],"wp:attachment":[{"href":"https:\/\/prvimaj.hr\/index.php?rest_route=%2Fwp%2Fv2%2Fmedia&parent=25701"}],"wp:term":[{"taxonomy":"category","embeddable":true,"href":"https:\/\/prvimaj.hr\/index.php?rest_route=%2Fwp%2Fv2%2Fcategories&post=25701"},{"taxonomy":"post_tag","embeddable":true,"href":"https:\/\/prvimaj.hr\/index.php?rest_route=%2Fwp%2Fv2%2Ftags&post=25701"}],"curies":[{"name":"wp","href":"https:\/\/api.w.org\/{rel}","templated":true}]}}