{"id":2832,"date":"2016-11-15T10:21:08","date_gmt":"2016-11-15T09:21:08","guid":{"rendered":"http:\/\/prvimaj.hr\/?p=2832"},"modified":"2016-11-15T10:24:38","modified_gmt":"2016-11-15T09:24:38","slug":"2832","status":"publish","type":"post","link":"https:\/\/prvimaj.hr\/?p=2832","title":{"rendered":"Objavljen Operativni plan zimske slu\u017ebe 2016.\/2017."},"content":{"rendered":"<p><a href=\"https:\/\/prvimaj.hr\/?attachment_id=2834\" rel=\"attachment wp-att-2834\"><img loading=\"lazy\" class=\"alignnone size-medium wp-image-2834\" src=\"https:\/\/prvimaj.hr\/wp-content\/uploads\/2016\/11\/ralica-300x225.jpg\" alt=\"ralica\" width=\"300\" height=\"225\" srcset=\"https:\/\/prvimaj.hr\/wp-content\/uploads\/2016\/11\/ralica.jpg 300w, https:\/\/prvimaj.hr\/wp-content\/uploads\/2016\/11\/ralica-150x113.jpg 150w\" sizes=\"(max-width: 300px) 100vw, 300px\" \/><\/a><\/p>\n<p>Gradona\u010delnik Grada Labina Tulio Demetlika, 14. studenog 2016. godine, donio je Operativni plan rada zimske slu\u017ebe u zimskom razdoblju 2016. \u2013 2017. \u00a0godine za podru\u010dje Grada Labina.<\/p>\n<p>Pod Zimskom slu\u017ebom podrazumijeva se organizacija i provo\u0111enje radova neophodnih za odr\u017eavanje prohodnosti nerazvrstanih cesta i sigurnog odvijanja prometa u zimskim uvjetima koji je odre\u0111en posebnim propisima. Nerazvrstana cesta se smatra prohodnom kada je radovima na uklanjanju snijega omogu\u0107eno prometovanje vozila uz upotrebu zimske opreme.<\/p>\n<p>Radove Zimske slu\u017ebe za nerazvrstane ceste na podru\u010dju Grada Labina za 2016.\/2017. godinu izvodit ce trgova\u010dko dru\u0161tvo 1. MAJ d.o.o. Labin. Operativnim planom zimske slu\u017ebe obuhva\u0107eno je oko 77 kilometara nerazvrstanih cesta i ulica za\u00a0 raljenje i posipavanje. \u00a0Odr\u017eavanje nerazvrstanih cesta u zimskim uvjetima izvodi se u tri stupnja pripravnosti i dvije razine prioriteta.<\/p>\n<p>Zimsku slu\u017ebu nije mogu\u0107e organizirati na na\u010din da se na svim ulicama i cestovnim pravcima djeluje istovremeno. Zato je prema Operativnom planu odr\u017eavanja utvr\u0111en redoslijed posipavanja i uklanjanja snijega, a prema tom redoslijedu sve ulice i cestovni pravci svrstani su u dva prioriteta.<\/p>\n<p>Ekipa zimske slu\u017ebe operativno djeluje iz mjesta pripravnosti, ujedno i baze zimske slu\u017ebe, na lokaciji Uprave i parkirali\u0161ta trgova\u010dkog dru\u0161tva 1.MAJ d.o.o. Labin, Vine\u017e 81.<\/p>\n<p>Zimska slu\u017eba ima organizirano stalno 24 satno de\u017eurstvo putem:<\/p>\n<p>a) rukovoditelj Klaudio Bastijani\u0107 :<\/p>\n<ul>\n<li>mobilni telefon: 098\u2013758-973<\/li>\n<li>ku\u0107ni: 052\u2013858-110<\/li>\n<\/ul>\n<p>b) zamjenik rukovoditelja Marko Zulian :<\/p>\n<ul>\n<li>mobilni telefon: 099-607\u20139465<\/li>\n<li>ku\u0107ni: 052\u2013872-400<\/li>\n<li>mobilni telefon 2: 091-166-9178<\/li>\n<\/ul>\n<p>&nbsp;<\/p>\n<p>Prilozi:<\/p>\n<p><a href=\"https:\/\/prvimaj.hr\/wp-content\/uploads\/2016\/11\/ZIMSKA-SLU\u017dBA-2016-2017-1-MAJ-Labin.pdf\" target=\"_blank\">Operativni plan zimske slu\u017ebe 2016.\/2017.<\/a><\/p>\n","protected":false},"excerpt":{"rendered":"<p>Gradona\u010delnik Grada Labina Tulio Demetlika, 14. studenog 2016. godine, donio je Operativni plan rada zimske slu\u017ebe u zimskom razdoblju 2016. \u2013 2017. \u00a0godine za podru\u010dje Grada Labina. Pod Zimskom slu\u017ebom podrazumijeva se organizacija i provo\u0111enje radova neophodnih za odr\u017eavanje prohodnosti nerazvrstanih cesta i sigurnog odvijanja prometa u zimskim uvjetima koji je odre\u0111en posebnim propisima. Nerazvrstana [&hellip;]<\/p>\n","protected":false},"author":2,"featured_media":0,"comment_status":"closed","ping_status":"closed","sticky":false,"template":"","format":"standard","meta":[],"categories":[2],"tags":[],"_links":{"self":[{"href":"https:\/\/prvimaj.hr\/index.php?rest_route=\/wp\/v2\/posts\/2832"}],"collection":[{"href":"https:\/\/prvimaj.hr\/index.php?rest_route=\/wp\/v2\/posts"}],"about":[{"href":"https:\/\/prvimaj.hr\/index.php?rest_route=\/wp\/v2\/types\/post"}],"author":[{"embeddable":true,"href":"https:\/\/prvimaj.hr\/index.php?rest_route=\/wp\/v2\/users\/2"}],"replies":[{"embeddable":true,"href":"https:\/\/prvimaj.hr\/index.php?rest_route=%2Fwp%2Fv2%2Fcomments&post=2832"}],"version-history":[{"count":6,"href":"https:\/\/prvimaj.hr\/index.php?rest_route=\/wp\/v2\/posts\/2832\/revisions"}],"predecessor-version":[{"id":2841,"href":"https:\/\/prvimaj.hr\/index.php?rest_route=\/wp\/v2\/posts\/2832\/revisions\/2841"}],"wp:attachment":[{"href":"https:\/\/prvimaj.hr\/index.php?rest_route=%2Fwp%2Fv2%2Fmedia&parent=2832"}],"wp:term":[{"taxonomy":"category","embeddable":true,"href":"https:\/\/prvimaj.hr\/index.php?rest_route=%2Fwp%2Fv2%2Fcategories&post=2832"},{"taxonomy":"post_tag","embeddable":true,"href":"https:\/\/prvimaj.hr\/index.php?rest_route=%2Fwp%2Fv2%2Ftags&post=2832"}],"curies":[{"name":"wp","href":"https:\/\/api.w.org\/{rel}","templated":true}]}}