{"id":2963,"date":"2016-12-13T12:56:14","date_gmt":"2016-12-13T11:56:14","guid":{"rendered":"http:\/\/prvimaj.hr\/?p=2963"},"modified":"2016-12-13T12:56:14","modified_gmt":"2016-12-13T11:56:14","slug":"zimsko-radno-vrijeme-reciklaznih-dvorista","status":"publish","type":"post","link":"https:\/\/prvimaj.hr\/?p=2963","title":{"rendered":"Zimsko radno vrijeme recikla\u017enih dvori\u0161ta"},"content":{"rendered":"<p><a href=\"https:\/\/prvimaj.hr\/?attachment_id=2144\" rel=\"attachment wp-att-2144\"><img loading=\"lazy\" class=\"alignnone size-medium wp-image-2144\" src=\"https:\/\/prvimaj.hr\/wp-content\/uploads\/2016\/05\/centar2-300x191-300x191.jpg\" alt=\"centar2-300x191\" width=\"300\" height=\"191\" srcset=\"https:\/\/prvimaj.hr\/wp-content\/uploads\/2016\/05\/centar2-300x191.jpg 300w, https:\/\/prvimaj.hr\/wp-content\/uploads\/2016\/05\/centar2-300x191-150x96.jpg 150w\" sizes=\"(max-width: 300px) 100vw, 300px\" \/><\/a><\/p>\n<p>Obavje\u0161tavamo cjenjene korisnike o novom zimskom radnom vremenu recikla\u017enih dvori\u0161ta.<\/p>\n<p>RECIKLA\u017dNO DVORI\u0160TE STARCI<\/p>\n<ul>\n<li>ponedjeljak-petak: 10-16 sati<\/li>\n<li>subota: 8-13 sati<\/li>\n<li>nedjeljom zatvoreno.<\/li>\n<\/ul>\n<p>RECIKLA\u017dNO DVORI\u0160TE RA\u0160A<\/p>\n<ul>\n<li>ponedjeljak i petak: 13-16 sati<\/li>\n<li>srijeda i subota: 10-14 sati<\/li>\n<li>utorkom, \u010detvrtkom i nedjeljom zatvoreno.<\/li>\n<\/ul>\n","protected":false},"excerpt":{"rendered":"<p>Obavje\u0161tavamo cjenjene korisnike o novom zimskom radnom vremenu recikla\u017enih dvori\u0161ta. RECIKLA\u017dNO DVORI\u0160TE STARCI ponedjeljak-petak: 10-16 sati subota: 8-13 sati nedjeljom zatvoreno. RECIKLA\u017dNO DVORI\u0160TE RA\u0160A ponedjeljak i petak: 13-16 sati srijeda i subota: 10-14 sati utorkom, \u010detvrtkom i nedjeljom zatvoreno.<\/p>\n","protected":false},"author":2,"featured_media":0,"comment_status":"closed","ping_status":"closed","sticky":false,"template":"","format":"standard","meta":[],"categories":[2],"tags":[],"_links":{"self":[{"href":"https:\/\/prvimaj.hr\/index.php?rest_route=\/wp\/v2\/posts\/2963"}],"collection":[{"href":"https:\/\/prvimaj.hr\/index.php?rest_route=\/wp\/v2\/posts"}],"about":[{"href":"https:\/\/prvimaj.hr\/index.php?rest_route=\/wp\/v2\/types\/post"}],"author":[{"embeddable":true,"href":"https:\/\/prvimaj.hr\/index.php?rest_route=\/wp\/v2\/users\/2"}],"replies":[{"embeddable":true,"href":"https:\/\/prvimaj.hr\/index.php?rest_route=%2Fwp%2Fv2%2Fcomments&post=2963"}],"version-history":[{"count":1,"href":"https:\/\/prvimaj.hr\/index.php?rest_route=\/wp\/v2\/posts\/2963\/revisions"}],"predecessor-version":[{"id":2964,"href":"https:\/\/prvimaj.hr\/index.php?rest_route=\/wp\/v2\/posts\/2963\/revisions\/2964"}],"wp:attachment":[{"href":"https:\/\/prvimaj.hr\/index.php?rest_route=%2Fwp%2Fv2%2Fmedia&parent=2963"}],"wp:term":[{"taxonomy":"category","embeddable":true,"href":"https:\/\/prvimaj.hr\/index.php?rest_route=%2Fwp%2Fv2%2Fcategories&post=2963"},{"taxonomy":"post_tag","embeddable":true,"href":"https:\/\/prvimaj.hr\/index.php?rest_route=%2Fwp%2Fv2%2Ftags&post=2963"}],"curies":[{"name":"wp","href":"https:\/\/api.w.org\/{rel}","templated":true}]}}