{"id":3088,"date":"2017-01-13T20:52:20","date_gmt":"2017-01-13T19:52:20","guid":{"rendered":"http:\/\/prvimaj.hr\/?p=3088"},"modified":"2017-01-13T20:52:20","modified_gmt":"2017-01-13T19:52:20","slug":"zimska-sluzba-spremna-za-snjezne-uvjete","status":"publish","type":"post","link":"https:\/\/prvimaj.hr\/?p=3088","title":{"rendered":"Zimska slu\u017eba spremna za snje\u017ene uvjete"},"content":{"rendered":"<p><a href=\"https:\/\/prvimaj.hr\/?attachment_id=932\" rel=\"attachment wp-att-932\"><img loading=\"lazy\" class=\"alignnone size-medium wp-image-932\" src=\"https:\/\/prvimaj.hr\/wp-content\/uploads\/2015\/12\/zimska-2-300x225.jpg\" alt=\"zimska 2\" width=\"300\" height=\"225\" srcset=\"https:\/\/prvimaj.hr\/wp-content\/uploads\/2015\/12\/zimska-2-300x225.jpg 300w, https:\/\/prvimaj.hr\/wp-content\/uploads\/2015\/12\/zimska-2.jpg 661w\" sizes=\"(max-width: 300px) 100vw, 300px\" \/><\/a><\/p>\n<p>Zimska slu\u017eba koju organizira TD 1.MAJ d.o.o. od 18 sati je u III. stupnju pripravnosti. Zimska slu\u017eba prati vremenske uvjete te poduzima potrebne radnje nakon \u0161to je oko 19:30 sati u Labinu po\u010deo padati snijeg. Zimska slu\u017eba postupati \u0107e u skladu sa razvojem vremenskih uvjeta.<\/p>\n<p>Mole se gra\u0111ani da se pridr\u017eavaju uputa Policijske uprave istarske, a de\u017eurne slu\u017ebe bit \u0107e dostupne od petka, 13. sije\u010dnja, od 18,00 sati na broju telefona 855-375 (centrala TD 1.MAJ d.o.o.).<\/p>\n","protected":false},"excerpt":{"rendered":"<p>Zimska slu\u017eba koju organizira TD 1.MAJ d.o.o. od 18 sati je u III. stupnju pripravnosti. Zimska slu\u017eba prati vremenske uvjete te poduzima potrebne radnje nakon \u0161to je oko 19:30 sati u Labinu po\u010deo padati snijeg. Zimska slu\u017eba postupati \u0107e u skladu sa razvojem vremenskih uvjeta. Mole se gra\u0111ani da se pridr\u017eavaju uputa Policijske uprave istarske, [&hellip;]<\/p>\n","protected":false},"author":2,"featured_media":0,"comment_status":"closed","ping_status":"closed","sticky":false,"template":"","format":"standard","meta":[],"categories":[2],"tags":[],"_links":{"self":[{"href":"https:\/\/prvimaj.hr\/index.php?rest_route=\/wp\/v2\/posts\/3088"}],"collection":[{"href":"https:\/\/prvimaj.hr\/index.php?rest_route=\/wp\/v2\/posts"}],"about":[{"href":"https:\/\/prvimaj.hr\/index.php?rest_route=\/wp\/v2\/types\/post"}],"author":[{"embeddable":true,"href":"https:\/\/prvimaj.hr\/index.php?rest_route=\/wp\/v2\/users\/2"}],"replies":[{"embeddable":true,"href":"https:\/\/prvimaj.hr\/index.php?rest_route=%2Fwp%2Fv2%2Fcomments&post=3088"}],"version-history":[{"count":1,"href":"https:\/\/prvimaj.hr\/index.php?rest_route=\/wp\/v2\/posts\/3088\/revisions"}],"predecessor-version":[{"id":3089,"href":"https:\/\/prvimaj.hr\/index.php?rest_route=\/wp\/v2\/posts\/3088\/revisions\/3089"}],"wp:attachment":[{"href":"https:\/\/prvimaj.hr\/index.php?rest_route=%2Fwp%2Fv2%2Fmedia&parent=3088"}],"wp:term":[{"taxonomy":"category","embeddable":true,"href":"https:\/\/prvimaj.hr\/index.php?rest_route=%2Fwp%2Fv2%2Fcategories&post=3088"},{"taxonomy":"post_tag","embeddable":true,"href":"https:\/\/prvimaj.hr\/index.php?rest_route=%2Fwp%2Fv2%2Ftags&post=3088"}],"curies":[{"name":"wp","href":"https:\/\/api.w.org\/{rel}","templated":true}]}}