{"id":3476,"date":"2017-03-30T11:57:15","date_gmt":"2017-03-30T10:57:15","guid":{"rendered":"http:\/\/prvimaj.hr\/?p=3476"},"modified":"2017-03-30T11:59:46","modified_gmt":"2017-03-30T10:59:46","slug":"posaden-novi-kesten-u-rapcu","status":"publish","type":"post","link":"https:\/\/prvimaj.hr\/?p=3476","title":{"rendered":"Posa\u0111en novi kesten u Rapcu"},"content":{"rendered":"<p><a href=\"https:\/\/prvimaj.hr\/?attachment_id=3477\" rel=\"attachment wp-att-3477\"><img loading=\"lazy\" class=\"alignnone size-medium wp-image-3477\" src=\"https:\/\/prvimaj.hr\/wp-content\/uploads\/2017\/03\/20170330_101143-169x300.jpg\" alt=\"20170330_101143\" width=\"169\" height=\"300\" srcset=\"https:\/\/prvimaj.hr\/wp-content\/uploads\/2017\/03\/20170330_101143-169x300.jpg 169w, https:\/\/prvimaj.hr\/wp-content\/uploads\/2017\/03\/20170330_101143-1125x2000.jpg 1125w, https:\/\/prvimaj.hr\/wp-content\/uploads\/2017\/03\/20170330_101143-150x267.jpg 150w\" sizes=\"(max-width: 169px) 100vw, 169px\" \/><\/a><a href=\"https:\/\/prvimaj.hr\/?attachment_id=3483\" rel=\"attachment wp-att-3483\"><img loading=\"lazy\" class=\"size-medium wp-image-3483 alignleft\" src=\"https:\/\/prvimaj.hr\/wp-content\/uploads\/2017\/03\/20170330_102105-169x300.jpg\" alt=\"20170330_102105\" width=\"169\" height=\"300\" srcset=\"https:\/\/prvimaj.hr\/wp-content\/uploads\/2017\/03\/20170330_102105-169x300.jpg 169w, https:\/\/prvimaj.hr\/wp-content\/uploads\/2017\/03\/20170330_102105-1125x2000.jpg 1125w, https:\/\/prvimaj.hr\/wp-content\/uploads\/2017\/03\/20170330_102105-150x267.jpg 150w\" sizes=\"(max-width: 169px) 100vw, 169px\" \/><\/a><a href=\"https:\/\/prvimaj.hr\/?attachment_id=3478\" rel=\"attachment wp-att-3478\"><img loading=\"lazy\" class=\"size-medium wp-image-3478 alignleft\" src=\"https:\/\/prvimaj.hr\/wp-content\/uploads\/2017\/03\/20170330_102128-169x300.jpg\" alt=\"20170330_102128\" width=\"169\" height=\"300\" srcset=\"https:\/\/prvimaj.hr\/wp-content\/uploads\/2017\/03\/20170330_102128-169x300.jpg 169w, https:\/\/prvimaj.hr\/wp-content\/uploads\/2017\/03\/20170330_102128-1125x2000.jpg 1125w, https:\/\/prvimaj.hr\/wp-content\/uploads\/2017\/03\/20170330_102128-150x267.jpg 150w\" sizes=\"(max-width: 169px) 100vw, 169px\" \/><\/a><\/p>\n<p>Jedan od simbola Rapca, kesten koji se zbog bolesti i nametnika nije mogao spasiti, zamijenjen je novim na zadovoljstvo mje\u0161tana toga naselja. Zaposlenici trgova\u010dkog dru\u0161tva 1.MAJ d.o.o. Labin u petak, 30. o\u017eujka 2017. godine posadili su novi kesten na istom mjestu. Tako\u0111er, u vaze du\u017e rive u Rapcu posa\u0111ena je mediteranska biljka uskolisna komorika (lat. Phillyrea angustifolia), budu\u0107i da su ranije posa\u0111ene biljke bile napadnute \u0161im\u0161irovim (buxusovim) moljcem.<\/p>\n<p><!--more--><\/p>\n<p><a href=\"https:\/\/prvimaj.hr\/?attachment_id=3484\" rel=\"attachment wp-att-3484\"><img loading=\"lazy\" class=\"size-medium wp-image-3484 aligncenter\" src=\"https:\/\/prvimaj.hr\/wp-content\/uploads\/2017\/03\/20170330_102109-169x300.jpg\" alt=\"20170330_102109\" width=\"169\" height=\"300\" srcset=\"https:\/\/prvimaj.hr\/wp-content\/uploads\/2017\/03\/20170330_102109-169x300.jpg 169w, https:\/\/prvimaj.hr\/wp-content\/uploads\/2017\/03\/20170330_102109-1125x2000.jpg 1125w, https:\/\/prvimaj.hr\/wp-content\/uploads\/2017\/03\/20170330_102109-150x267.jpg 150w\" sizes=\"(max-width: 169px) 100vw, 169px\" \/><\/a><\/p>\n","protected":false},"excerpt":{"rendered":"<p>Jedan od simbola Rapca, kesten koji se zbog bolesti i nametnika nije mogao spasiti, zamijenjen je novim na zadovoljstvo mje\u0161tana toga naselja. Zaposlenici trgova\u010dkog dru\u0161tva 1.MAJ d.o.o. Labin u petak, 30. o\u017eujka 2017. godine posadili su novi kesten na istom mjestu. Tako\u0111er, u vaze du\u017e rive u Rapcu posa\u0111ena je mediteranska biljka uskolisna komorika (lat. [&hellip;]<\/p>\n","protected":false},"author":2,"featured_media":0,"comment_status":"closed","ping_status":"closed","sticky":false,"template":"","format":"standard","meta":[],"categories":[2],"tags":[],"_links":{"self":[{"href":"https:\/\/prvimaj.hr\/index.php?rest_route=\/wp\/v2\/posts\/3476"}],"collection":[{"href":"https:\/\/prvimaj.hr\/index.php?rest_route=\/wp\/v2\/posts"}],"about":[{"href":"https:\/\/prvimaj.hr\/index.php?rest_route=\/wp\/v2\/types\/post"}],"author":[{"embeddable":true,"href":"https:\/\/prvimaj.hr\/index.php?rest_route=\/wp\/v2\/users\/2"}],"replies":[{"embeddable":true,"href":"https:\/\/prvimaj.hr\/index.php?rest_route=%2Fwp%2Fv2%2Fcomments&post=3476"}],"version-history":[{"count":12,"href":"https:\/\/prvimaj.hr\/index.php?rest_route=\/wp\/v2\/posts\/3476\/revisions"}],"predecessor-version":[{"id":3492,"href":"https:\/\/prvimaj.hr\/index.php?rest_route=\/wp\/v2\/posts\/3476\/revisions\/3492"}],"wp:attachment":[{"href":"https:\/\/prvimaj.hr\/index.php?rest_route=%2Fwp%2Fv2%2Fmedia&parent=3476"}],"wp:term":[{"taxonomy":"category","embeddable":true,"href":"https:\/\/prvimaj.hr\/index.php?rest_route=%2Fwp%2Fv2%2Fcategories&post=3476"},{"taxonomy":"post_tag","embeddable":true,"href":"https:\/\/prvimaj.hr\/index.php?rest_route=%2Fwp%2Fv2%2Ftags&post=3476"}],"curies":[{"name":"wp","href":"https:\/\/api.w.org\/{rel}","templated":true}]}}