{"id":3541,"date":"2017-04-14T06:48:20","date_gmt":"2017-04-14T05:48:20","guid":{"rendered":"http:\/\/prvimaj.hr\/?p=3541"},"modified":"2017-04-14T06:48:20","modified_gmt":"2017-04-14T05:48:20","slug":"trznica-nece-raditi-na-uskrs","status":"publish","type":"post","link":"https:\/\/prvimaj.hr\/?p=3541","title":{"rendered":"Tr\u017enica ne\u0107e raditi na Uskrs"},"content":{"rendered":"<p><a href=\"https:\/\/prvimaj.hr\/?attachment_id=2630\" rel=\"attachment wp-att-2630\"><img loading=\"lazy\" class=\"alignnone size-medium wp-image-2630\" src=\"https:\/\/prvimaj.hr\/wp-content\/uploads\/2016\/08\/20161001_112433-300x169.jpg\" alt=\"20161001_112433\" width=\"300\" height=\"169\" srcset=\"https:\/\/prvimaj.hr\/wp-content\/uploads\/2016\/08\/20161001_112433-300x169.jpg 300w, https:\/\/prvimaj.hr\/wp-content\/uploads\/2016\/08\/20161001_112433-2000x1125.jpg 2000w, https:\/\/prvimaj.hr\/wp-content\/uploads\/2016\/08\/20161001_112433-150x84.jpg 150w\" sizes=\"(max-width: 300px) 100vw, 300px\" \/><\/a><\/p>\n<p>Obavje\u0161tavaju se gra\u0111ani da na Uskrs, 16. travnja 2017. godine, gradska tr\u017enica u Labinu ne\u0107e raditi. Zahvaljujemo na razumijevanju.<\/p>\n","protected":false},"excerpt":{"rendered":"<p>Obavje\u0161tavaju se gra\u0111ani da na Uskrs, 16. travnja 2017. godine, gradska tr\u017enica u Labinu ne\u0107e raditi. Zahvaljujemo na razumijevanju.<\/p>\n","protected":false},"author":2,"featured_media":0,"comment_status":"closed","ping_status":"closed","sticky":false,"template":"","format":"standard","meta":[],"categories":[2],"tags":[],"_links":{"self":[{"href":"https:\/\/prvimaj.hr\/index.php?rest_route=\/wp\/v2\/posts\/3541"}],"collection":[{"href":"https:\/\/prvimaj.hr\/index.php?rest_route=\/wp\/v2\/posts"}],"about":[{"href":"https:\/\/prvimaj.hr\/index.php?rest_route=\/wp\/v2\/types\/post"}],"author":[{"embeddable":true,"href":"https:\/\/prvimaj.hr\/index.php?rest_route=\/wp\/v2\/users\/2"}],"replies":[{"embeddable":true,"href":"https:\/\/prvimaj.hr\/index.php?rest_route=%2Fwp%2Fv2%2Fcomments&post=3541"}],"version-history":[{"count":1,"href":"https:\/\/prvimaj.hr\/index.php?rest_route=\/wp\/v2\/posts\/3541\/revisions"}],"predecessor-version":[{"id":3542,"href":"https:\/\/prvimaj.hr\/index.php?rest_route=\/wp\/v2\/posts\/3541\/revisions\/3542"}],"wp:attachment":[{"href":"https:\/\/prvimaj.hr\/index.php?rest_route=%2Fwp%2Fv2%2Fmedia&parent=3541"}],"wp:term":[{"taxonomy":"category","embeddable":true,"href":"https:\/\/prvimaj.hr\/index.php?rest_route=%2Fwp%2Fv2%2Fcategories&post=3541"},{"taxonomy":"post_tag","embeddable":true,"href":"https:\/\/prvimaj.hr\/index.php?rest_route=%2Fwp%2Fv2%2Ftags&post=3541"}],"curies":[{"name":"wp","href":"https:\/\/api.w.org\/{rel}","templated":true}]}}