{"id":4793,"date":"2018-02-26T10:47:01","date_gmt":"2018-02-26T09:47:01","guid":{"rendered":"http:\/\/prvimaj.hr\/?p=4793"},"modified":"2018-02-26T10:47:01","modified_gmt":"2018-02-26T09:47:01","slug":"vremenske-neprilike-odgodile-postavljanje-mobilnog-reciklaznog-dvorsita-u-plominu-i-boljevicima","status":"publish","type":"post","link":"https:\/\/prvimaj.hr\/?p=4793","title":{"rendered":"Vremenske neprilike odgodile postavljanje mobilnog recikla\u017enog dvor\u0161ita u Plominu i Boljevi\u0107ima"},"content":{"rendered":"<p><a href=\"https:\/\/prvimaj.hr\/?attachment_id=756\" rel=\"attachment wp-att-756\"><img loading=\"lazy\" class=\"alignnone size-medium wp-image-756\" src=\"https:\/\/prvimaj.hr\/wp-content\/uploads\/2015\/12\/mrd71-285x300.jpg\" alt=\"mrd7\" width=\"285\" height=\"300\" srcset=\"https:\/\/prvimaj.hr\/wp-content\/uploads\/2015\/12\/mrd71-285x300.jpg 285w, https:\/\/prvimaj.hr\/wp-content\/uploads\/2015\/12\/mrd71.jpg 331w\" sizes=\"(max-width: 285px) 100vw, 285px\" \/><\/a><\/p>\n<p>Obavje\u0161tavaju se stanovnici Op\u0107ine Kr\u0161an da se zbog vremenskih neprilika mijenja termin \u00a0postavljanja mobilnog recikla\u017enog dvori\u0161ta u naseljima Plomin i Boljevi\u0107i (prethodno dogovoreni datumi: Plomin 26. \u2013 27.02.2018., Boljevi\u0107i 28.02.2018.). Obavijest o novom terminu biti \u0107e objavljena na web stranici trgova\u010dkog dru\u0161tva 1.MAJ d.o.o., Op\u0107ine Kr\u0161an i oglasnoj plo\u010di Op\u0107ine Kr\u0161an.<\/p>\n","protected":false},"excerpt":{"rendered":"<p>Obavje\u0161tavaju se stanovnici Op\u0107ine Kr\u0161an da se zbog vremenskih neprilika mijenja termin \u00a0postavljanja mobilnog recikla\u017enog dvori\u0161ta u naseljima Plomin i Boljevi\u0107i (prethodno dogovoreni datumi: Plomin 26. \u2013 27.02.2018., Boljevi\u0107i 28.02.2018.). Obavijest o novom terminu biti \u0107e objavljena na web stranici trgova\u010dkog dru\u0161tva 1.MAJ d.o.o., Op\u0107ine Kr\u0161an i oglasnoj plo\u010di Op\u0107ine Kr\u0161an.<\/p>\n","protected":false},"author":2,"featured_media":0,"comment_status":"closed","ping_status":"closed","sticky":false,"template":"","format":"standard","meta":[],"categories":[2],"tags":[],"_links":{"self":[{"href":"https:\/\/prvimaj.hr\/index.php?rest_route=\/wp\/v2\/posts\/4793"}],"collection":[{"href":"https:\/\/prvimaj.hr\/index.php?rest_route=\/wp\/v2\/posts"}],"about":[{"href":"https:\/\/prvimaj.hr\/index.php?rest_route=\/wp\/v2\/types\/post"}],"author":[{"embeddable":true,"href":"https:\/\/prvimaj.hr\/index.php?rest_route=\/wp\/v2\/users\/2"}],"replies":[{"embeddable":true,"href":"https:\/\/prvimaj.hr\/index.php?rest_route=%2Fwp%2Fv2%2Fcomments&post=4793"}],"version-history":[{"count":1,"href":"https:\/\/prvimaj.hr\/index.php?rest_route=\/wp\/v2\/posts\/4793\/revisions"}],"predecessor-version":[{"id":4794,"href":"https:\/\/prvimaj.hr\/index.php?rest_route=\/wp\/v2\/posts\/4793\/revisions\/4794"}],"wp:attachment":[{"href":"https:\/\/prvimaj.hr\/index.php?rest_route=%2Fwp%2Fv2%2Fmedia&parent=4793"}],"wp:term":[{"taxonomy":"category","embeddable":true,"href":"https:\/\/prvimaj.hr\/index.php?rest_route=%2Fwp%2Fv2%2Fcategories&post=4793"},{"taxonomy":"post_tag","embeddable":true,"href":"https:\/\/prvimaj.hr\/index.php?rest_route=%2Fwp%2Fv2%2Ftags&post=4793"}],"curies":[{"name":"wp","href":"https:\/\/api.w.org\/{rel}","templated":true}]}}