{"id":5298,"date":"2018-05-11T08:22:14","date_gmt":"2018-05-11T07:22:14","guid":{"rendered":"http:\/\/prvimaj.hr\/?p=5298"},"modified":"2018-05-11T08:22:39","modified_gmt":"2018-05-11T07:22:39","slug":"ureduju-se-kruzni-tokovi","status":"publish","type":"post","link":"https:\/\/prvimaj.hr\/?p=5298","title":{"rendered":"Ure\u0111uju se kru\u017eni tokovi"},"content":{"rendered":"<p><a href=\"https:\/\/prvimaj.hr\/?attachment_id=5301\" rel=\"attachment wp-att-5301\"><img loading=\"lazy\" class=\"alignnone size-medium wp-image-5301\" src=\"https:\/\/prvimaj.hr\/wp-content\/uploads\/2018\/05\/Ure\u0111ivanje-rotora-na-Vine\u017eu-u-prolje\u0107e-2018.-300x225.jpg\" alt=\"Ure\u0111ivanje rotora na Vine\u017eu u prolje\u0107e 2018.\" width=\"300\" height=\"225\" srcset=\"https:\/\/prvimaj.hr\/wp-content\/uploads\/2018\/05\/Ure\u0111ivanje-rotora-na-Vine\u017eu-u-prolje\u0107e-2018.-300x225.jpg 300w, https:\/\/prvimaj.hr\/wp-content\/uploads\/2018\/05\/Ure\u0111ivanje-rotora-na-Vine\u017eu-u-prolje\u0107e-2018.-2000x1500.jpg 2000w, https:\/\/prvimaj.hr\/wp-content\/uploads\/2018\/05\/Ure\u0111ivanje-rotora-na-Vine\u017eu-u-prolje\u0107e-2018.-150x113.jpg 150w\" sizes=\"(max-width: 300px) 100vw, 300px\" \/><\/a><\/p>\n<p>Topli dani pravo su vrijeme za ure\u0111ivanje okoli\u0161a, a radnici 1.MAJ-a ovih dana pa\u017eljivo ure\u0111uju kru\u017ene tokove jednog po jednog. Sadi se cvije\u0107e i tako definira \u0161areni izgled tih predivnih oaza. Raduju nas brojne pohvale na ra\u010dun ure\u0111enja kru\u017enih tokova i njihovoj estetskoj vrijednosti u slici na\u0161ega kraja. Kru\u017eni tok na ulazu u Labin kod Katura je ure\u0111en, a trenutno je u tijeku ure\u0111enje onoga na Vine\u017eu.<\/p>\n","protected":false},"excerpt":{"rendered":"<p>Topli dani pravo su vrijeme za ure\u0111ivanje okoli\u0161a, a radnici 1.MAJ-a ovih dana pa\u017eljivo ure\u0111uju kru\u017ene tokove jednog po jednog. Sadi se cvije\u0107e i tako definira \u0161areni izgled tih predivnih oaza. Raduju nas brojne pohvale na ra\u010dun ure\u0111enja kru\u017enih tokova i njihovoj estetskoj vrijednosti u slici na\u0161ega kraja. Kru\u017eni tok na ulazu u Labin kod [&hellip;]<\/p>\n","protected":false},"author":2,"featured_media":0,"comment_status":"closed","ping_status":"closed","sticky":false,"template":"","format":"standard","meta":[],"categories":[2],"tags":[],"_links":{"self":[{"href":"https:\/\/prvimaj.hr\/index.php?rest_route=\/wp\/v2\/posts\/5298"}],"collection":[{"href":"https:\/\/prvimaj.hr\/index.php?rest_route=\/wp\/v2\/posts"}],"about":[{"href":"https:\/\/prvimaj.hr\/index.php?rest_route=\/wp\/v2\/types\/post"}],"author":[{"embeddable":true,"href":"https:\/\/prvimaj.hr\/index.php?rest_route=\/wp\/v2\/users\/2"}],"replies":[{"embeddable":true,"href":"https:\/\/prvimaj.hr\/index.php?rest_route=%2Fwp%2Fv2%2Fcomments&post=5298"}],"version-history":[{"count":3,"href":"https:\/\/prvimaj.hr\/index.php?rest_route=\/wp\/v2\/posts\/5298\/revisions"}],"predecessor-version":[{"id":5303,"href":"https:\/\/prvimaj.hr\/index.php?rest_route=\/wp\/v2\/posts\/5298\/revisions\/5303"}],"wp:attachment":[{"href":"https:\/\/prvimaj.hr\/index.php?rest_route=%2Fwp%2Fv2%2Fmedia&parent=5298"}],"wp:term":[{"taxonomy":"category","embeddable":true,"href":"https:\/\/prvimaj.hr\/index.php?rest_route=%2Fwp%2Fv2%2Fcategories&post=5298"},{"taxonomy":"post_tag","embeddable":true,"href":"https:\/\/prvimaj.hr\/index.php?rest_route=%2Fwp%2Fv2%2Ftags&post=5298"}],"curies":[{"name":"wp","href":"https:\/\/api.w.org\/{rel}","templated":true}]}}