{"id":5472,"date":"2018-06-12T08:30:21","date_gmt":"2018-06-12T07:30:21","guid":{"rendered":"http:\/\/prvimaj.hr\/?p=5472"},"modified":"2018-06-12T08:30:21","modified_gmt":"2018-06-12T07:30:21","slug":"uredenje-setnice-na-girandelli","status":"publish","type":"post","link":"https:\/\/prvimaj.hr\/?p=5472","title":{"rendered":"Ure\u0111enje \u0161etnice na Girandelli"},"content":{"rendered":"<p><a href=\"https:\/\/prvimaj.hr\/?attachment_id=5473\" rel=\"attachment wp-att-5473\"><img loading=\"lazy\" class=\"alignnone size-medium wp-image-5473\" src=\"https:\/\/prvimaj.hr\/wp-content\/uploads\/2018\/06\/DSCN0168-300x225.jpg\" alt=\"\" width=\"300\" height=\"225\" srcset=\"https:\/\/prvimaj.hr\/wp-content\/uploads\/2018\/06\/DSCN0168-300x225.jpg 300w, https:\/\/prvimaj.hr\/wp-content\/uploads\/2018\/06\/DSCN0168-768x576.jpg 768w, https:\/\/prvimaj.hr\/wp-content\/uploads\/2018\/06\/DSCN0168-2000x1500.jpg 2000w, https:\/\/prvimaj.hr\/wp-content\/uploads\/2018\/06\/DSCN0168-150x113.jpg 150w\" sizes=\"(max-width: 300px) 100vw, 300px\" \/><\/a><\/p>\n<p>Grad Labin dobio je 135.000 kuna iz EU izvora za ure\u0111enje pla\u017ee u Rapcu na podru\u010dju Girandelle. U projektu su mogle sudjelovati samo posebno \u010diste pla\u017ee i one koje svojim izgledom doprinose ukupnom okoli\u0161u. Takve pla\u017ee dobile su dodatnu stimulaciju za kvalitetno ure\u0111enje i pobolj\u0161anje funkcionalnosti.<\/p>\n<p>Hortikulturno ure\u0111enje okolne \u0161etnice odradio je 1. MAJ koji je jedan dio \u0161etnice uredio novim vazama s biljkama penja\u010dicama, a uz postoje\u0107e lovore posadile su se gaure. Na okolnu pripremljenu zemlju rastegnulo se bijeli kamen i rizlu. Radi se o novom dizajnu ure\u0111enja i nadamo se da \u0107e se svidjeti brojnim gra\u0111anima i gostima koji \u0161etnicu koriste.<\/p>\n","protected":false},"excerpt":{"rendered":"<p>Grad Labin dobio je 135.000 kuna iz EU izvora za ure\u0111enje pla\u017ee u Rapcu na podru\u010dju Girandelle. U projektu su mogle sudjelovati samo posebno \u010diste pla\u017ee i one koje svojim izgledom doprinose ukupnom okoli\u0161u. Takve pla\u017ee dobile su dodatnu stimulaciju za kvalitetno ure\u0111enje i pobolj\u0161anje funkcionalnosti. Hortikulturno ure\u0111enje okolne \u0161etnice odradio je 1. MAJ koji [&hellip;]<\/p>\n","protected":false},"author":2,"featured_media":0,"comment_status":"closed","ping_status":"closed","sticky":false,"template":"","format":"standard","meta":[],"categories":[2],"tags":[],"_links":{"self":[{"href":"https:\/\/prvimaj.hr\/index.php?rest_route=\/wp\/v2\/posts\/5472"}],"collection":[{"href":"https:\/\/prvimaj.hr\/index.php?rest_route=\/wp\/v2\/posts"}],"about":[{"href":"https:\/\/prvimaj.hr\/index.php?rest_route=\/wp\/v2\/types\/post"}],"author":[{"embeddable":true,"href":"https:\/\/prvimaj.hr\/index.php?rest_route=\/wp\/v2\/users\/2"}],"replies":[{"embeddable":true,"href":"https:\/\/prvimaj.hr\/index.php?rest_route=%2Fwp%2Fv2%2Fcomments&post=5472"}],"version-history":[{"count":1,"href":"https:\/\/prvimaj.hr\/index.php?rest_route=\/wp\/v2\/posts\/5472\/revisions"}],"predecessor-version":[{"id":5474,"href":"https:\/\/prvimaj.hr\/index.php?rest_route=\/wp\/v2\/posts\/5472\/revisions\/5474"}],"wp:attachment":[{"href":"https:\/\/prvimaj.hr\/index.php?rest_route=%2Fwp%2Fv2%2Fmedia&parent=5472"}],"wp:term":[{"taxonomy":"category","embeddable":true,"href":"https:\/\/prvimaj.hr\/index.php?rest_route=%2Fwp%2Fv2%2Fcategories&post=5472"},{"taxonomy":"post_tag","embeddable":true,"href":"https:\/\/prvimaj.hr\/index.php?rest_route=%2Fwp%2Fv2%2Ftags&post=5472"}],"curies":[{"name":"wp","href":"https:\/\/api.w.org\/{rel}","templated":true}]}}