{"id":5677,"date":"2018-07-21T10:34:56","date_gmt":"2018-07-21T09:34:56","guid":{"rendered":"http:\/\/prvimaj.hr\/?p=5677"},"modified":"2018-07-21T10:34:56","modified_gmt":"2018-07-21T09:34:56","slug":"prigodno-otvorena-nova-mrtvacnica-u-sv-lovrecu","status":"publish","type":"post","link":"https:\/\/prvimaj.hr\/?p=5677","title":{"rendered":"Prigodno otvorena nova mrtva\u010dnica u Sv.Lovre\u010du"},"content":{"rendered":"<div><a href=\"https:\/\/prvimaj.hr\/?attachment_id=5678\" rel=\"attachment wp-att-5678\"><img loading=\"lazy\" class=\"alignnone size-medium wp-image-5678\" src=\"https:\/\/prvimaj.hr\/wp-content\/uploads\/2018\/07\/Gloria-Paliska-i-vl\u010d.-Mlikota-300x225.jpg\" alt=\"\" width=\"300\" height=\"225\" srcset=\"https:\/\/prvimaj.hr\/wp-content\/uploads\/2018\/07\/Gloria-Paliska-i-vl\u010d.-Mlikota-300x225.jpg 300w, https:\/\/prvimaj.hr\/wp-content\/uploads\/2018\/07\/Gloria-Paliska-i-vl\u010d.-Mlikota-768x576.jpg 768w, https:\/\/prvimaj.hr\/wp-content\/uploads\/2018\/07\/Gloria-Paliska-i-vl\u010d.-Mlikota-2000x1500.jpg 2000w, https:\/\/prvimaj.hr\/wp-content\/uploads\/2018\/07\/Gloria-Paliska-i-vl\u010d.-Mlikota-150x113.jpg 150w\" sizes=\"(max-width: 300px) 100vw, 300px\" \/><\/a><\/div>\n<div><\/div>\n<div>Na mjesnom groblju u Sv. Lovre\u010du danas je obilje\u017een zavr\u0161etak izgradnje mrtva\u010dnice, uz prisustvo gra\u0111ana, predstavnika Op\u0107ine Ra\u0161a, labinskog trgova\u010dkog dru\u0161tva 1.MAJ d.o.o., te izvo\u0111a\u010da radova.<\/div>\n<div><\/div>\n<p><!--more--><\/p>\n<div>\u201eOvakvi nas objekti podsje\u0107aju na tu\u017ene \u017eivotne trenutke, no va\u017ean su dio na\u0161eg \u017eivota, a time i komunalne infrastrukture\u201c, kazala je ra\u0161ka op\u0107inska na\u010delnica Glorija Paliska.<\/div>\n<div><\/div>\n<div>Naglasila je da su za izgradnju mrtva\u010dnice iz prora\u010duna Op\u0107ine izdvojena sredstva u iznosu od 760 tisu\u0107a kuna. Pridoda li se tome i ulaganje Op\u0107ine u rje\u0161avanje imovinskopravnih odnosa, projektnu dokumentaciju te ure\u0111enje parkirali\u0161ta, proizlazi da je Op\u0107ina u protekle \u010detiri godine za ure\u0111enje groblja u Sv. Love\u010du izdvojila 1,5 milijuna kuna.<\/div>\n<div><\/div>\n<div>Objekt nove mrtva\u010dnice, povr\u0161ine 73 m2, sastoji se od odarnice, boravka opremljenog kuhinjom, hladnjakom i stolom, spremi\u0161ta, sanitarnog \u010dvora i trijema. Izgra\u0111ena je i sabirna jama, vanjski plato ure\u0111en je pijeskom i betonskim oplo\u010dnicima, zasa\u0111ene su tise i cedrovi, koji uokviruju sliku novog objekta. Objekt je blagoslovio vele\u010dasni Ivan Mlikota.<\/div>\n<div><\/div>\n<div>U idu\u0107em razdoblju planira se sru\u0161iti stara mrtva\u010dnica na \u010dijem \u0107e se mjestu izgraditi nova grobna mjesta za pro\u0161irenje groblja.<\/div>\n","protected":false},"excerpt":{"rendered":"<p>Na mjesnom groblju u Sv. Lovre\u010du danas je obilje\u017een zavr\u0161etak izgradnje mrtva\u010dnice, uz prisustvo gra\u0111ana, predstavnika Op\u0107ine Ra\u0161a, labinskog trgova\u010dkog dru\u0161tva 1.MAJ d.o.o., te izvo\u0111a\u010da radova.<\/p>\n","protected":false},"author":2,"featured_media":0,"comment_status":"closed","ping_status":"closed","sticky":false,"template":"","format":"standard","meta":[],"categories":[2],"tags":[],"_links":{"self":[{"href":"https:\/\/prvimaj.hr\/index.php?rest_route=\/wp\/v2\/posts\/5677"}],"collection":[{"href":"https:\/\/prvimaj.hr\/index.php?rest_route=\/wp\/v2\/posts"}],"about":[{"href":"https:\/\/prvimaj.hr\/index.php?rest_route=\/wp\/v2\/types\/post"}],"author":[{"embeddable":true,"href":"https:\/\/prvimaj.hr\/index.php?rest_route=\/wp\/v2\/users\/2"}],"replies":[{"embeddable":true,"href":"https:\/\/prvimaj.hr\/index.php?rest_route=%2Fwp%2Fv2%2Fcomments&post=5677"}],"version-history":[{"count":2,"href":"https:\/\/prvimaj.hr\/index.php?rest_route=\/wp\/v2\/posts\/5677\/revisions"}],"predecessor-version":[{"id":5680,"href":"https:\/\/prvimaj.hr\/index.php?rest_route=\/wp\/v2\/posts\/5677\/revisions\/5680"}],"wp:attachment":[{"href":"https:\/\/prvimaj.hr\/index.php?rest_route=%2Fwp%2Fv2%2Fmedia&parent=5677"}],"wp:term":[{"taxonomy":"category","embeddable":true,"href":"https:\/\/prvimaj.hr\/index.php?rest_route=%2Fwp%2Fv2%2Fcategories&post=5677"},{"taxonomy":"post_tag","embeddable":true,"href":"https:\/\/prvimaj.hr\/index.php?rest_route=%2Fwp%2Fv2%2Ftags&post=5677"}],"curies":[{"name":"wp","href":"https:\/\/api.w.org\/{rel}","templated":true}]}}