{"id":5692,"date":"2018-07-23T09:57:17","date_gmt":"2018-07-23T08:57:17","guid":{"rendered":"http:\/\/prvimaj.hr\/?p=5692"},"modified":"2018-07-23T09:57:17","modified_gmt":"2018-07-23T08:57:17","slug":"osvjezenje-za-djecje-igraliste-u-centru-labina","status":"publish","type":"post","link":"https:\/\/prvimaj.hr\/?p=5692","title":{"rendered":"Osvje\u017eenje za dje\u010dje igrali\u0161te u centru Labina"},"content":{"rendered":"<p><a href=\"https:\/\/prvimaj.hr\/?attachment_id=5693\" rel=\"attachment wp-att-5693\"><img loading=\"lazy\" class=\"alignnone size-medium wp-image-5693\" src=\"https:\/\/prvimaj.hr\/wp-content\/uploads\/2018\/07\/Radovi-na-igrali\u0161tu-u-Zelenicama-300x200.jpg\" alt=\"\" width=\"300\" height=\"200\" srcset=\"https:\/\/prvimaj.hr\/wp-content\/uploads\/2018\/07\/Radovi-na-igrali\u0161tu-u-Zelenicama-300x200.jpg 300w, https:\/\/prvimaj.hr\/wp-content\/uploads\/2018\/07\/Radovi-na-igrali\u0161tu-u-Zelenicama-768x512.jpg 768w, https:\/\/prvimaj.hr\/wp-content\/uploads\/2018\/07\/Radovi-na-igrali\u0161tu-u-Zelenicama-150x100.jpg 150w, https:\/\/prvimaj.hr\/wp-content\/uploads\/2018\/07\/Radovi-na-igrali\u0161tu-u-Zelenicama.jpg 1200w\" sizes=\"(max-width: 300px) 100vw, 300px\" \/><\/a><\/p>\n<p>Dje\u010dje igrali\u0161te u Ulici Zelenice (to\u010dnije kraj biv\u0161eg \u201eFista\u201c) oprema se novim spravama. Pro\u0161li tjedan po\u010deli su radovi uklanjanja postoje\u0107ih sprava te postavljanje novih \u010detiri.\u00a0Radi se o spravama dobavlja\u010da \u201eUsluga Pakrac\u201c, a vrijednost sprava sa monta\u017eom iznosi 96.000 kuna. Popularna \u201eku\u0107ica\u201c, ko\u0161ara ljulja\u010dka te ljulja\u010dka na opruzi, tj. &#8220;konji\u0107&#8221;, zasigurno \u0107e razveseliti na\u0161e najmla\u0111e.<\/p>\n<p>Radnici 1. MAJ-a d.o.o. izveli su pripremne radove kako bi sve bilo spremno za monta\u017eu. Ovaj tjedan bit \u0107e montirane i za\u0161titne gume. Mole se gra\u0111ani da ne koriste navedene sprave dok se temelji ne posu\u0161e i montiraju za\u0161titne gume, nakon \u010dega vjerujemo da \u0107e mali\u0161ani u\u017eivati u ovom popularnom i obnovljenom dje\u010djem igrali\u0161tu u samom centru na\u0161ega lijepoga grada!<\/p>\n","protected":false},"excerpt":{"rendered":"<p>Dje\u010dje igrali\u0161te u Ulici Zelenice (to\u010dnije kraj biv\u0161eg \u201eFista\u201c) oprema se novim spravama. Pro\u0161li tjedan po\u010deli su radovi uklanjanja postoje\u0107ih sprava te postavljanje novih \u010detiri.\u00a0Radi se o spravama dobavlja\u010da \u201eUsluga Pakrac\u201c, a vrijednost sprava sa monta\u017eom iznosi 96.000 kuna. Popularna \u201eku\u0107ica\u201c, ko\u0161ara ljulja\u010dka te ljulja\u010dka na opruzi, tj. &#8220;konji\u0107&#8221;, zasigurno \u0107e razveseliti na\u0161e najmla\u0111e. Radnici [&hellip;]<\/p>\n","protected":false},"author":2,"featured_media":0,"comment_status":"closed","ping_status":"closed","sticky":false,"template":"","format":"standard","meta":[],"categories":[2],"tags":[],"_links":{"self":[{"href":"https:\/\/prvimaj.hr\/index.php?rest_route=\/wp\/v2\/posts\/5692"}],"collection":[{"href":"https:\/\/prvimaj.hr\/index.php?rest_route=\/wp\/v2\/posts"}],"about":[{"href":"https:\/\/prvimaj.hr\/index.php?rest_route=\/wp\/v2\/types\/post"}],"author":[{"embeddable":true,"href":"https:\/\/prvimaj.hr\/index.php?rest_route=\/wp\/v2\/users\/2"}],"replies":[{"embeddable":true,"href":"https:\/\/prvimaj.hr\/index.php?rest_route=%2Fwp%2Fv2%2Fcomments&post=5692"}],"version-history":[{"count":1,"href":"https:\/\/prvimaj.hr\/index.php?rest_route=\/wp\/v2\/posts\/5692\/revisions"}],"predecessor-version":[{"id":5694,"href":"https:\/\/prvimaj.hr\/index.php?rest_route=\/wp\/v2\/posts\/5692\/revisions\/5694"}],"wp:attachment":[{"href":"https:\/\/prvimaj.hr\/index.php?rest_route=%2Fwp%2Fv2%2Fmedia&parent=5692"}],"wp:term":[{"taxonomy":"category","embeddable":true,"href":"https:\/\/prvimaj.hr\/index.php?rest_route=%2Fwp%2Fv2%2Fcategories&post=5692"},{"taxonomy":"post_tag","embeddable":true,"href":"https:\/\/prvimaj.hr\/index.php?rest_route=%2Fwp%2Fv2%2Ftags&post=5692"}],"curies":[{"name":"wp","href":"https:\/\/api.w.org\/{rel}","templated":true}]}}