{"id":6098,"date":"2018-11-25T13:30:45","date_gmt":"2018-11-25T12:30:45","guid":{"rendered":"http:\/\/prvimaj.hr\/?p=6098"},"modified":"2018-11-21T13:03:49","modified_gmt":"2018-11-21T12:03:49","slug":"raspored-odvoza-selektivnog-otpada-za-ponedjeljak-26-11-2018","status":"publish","type":"post","link":"https:\/\/prvimaj.hr\/?p=6098","title":{"rendered":"Raspored odvoza selektivnog otpada za ponedjeljak 26.11.2018."},"content":{"rendered":"<p><a href=\"https:\/\/prvimaj.hr\/?attachment_id=6017\" rel=\"attachment wp-att-6017\"><img loading=\"lazy\" class=\"alignnone size-medium wp-image-6017\" src=\"https:\/\/prvimaj.hr\/wp-content\/uploads\/2018\/11\/1-300x300.jpg\" alt=\"\" width=\"300\" height=\"300\" srcset=\"https:\/\/prvimaj.hr\/wp-content\/uploads\/2018\/11\/1-300x300.jpg 300w, https:\/\/prvimaj.hr\/wp-content\/uploads\/2018\/11\/1-150x150.jpg 150w, https:\/\/prvimaj.hr\/wp-content\/uploads\/2018\/11\/1-60x60.jpg 60w, https:\/\/prvimaj.hr\/wp-content\/uploads\/2018\/11\/1.jpg 373w\" sizes=\"(max-width: 300px) 100vw, 300px\" \/><\/a><a href=\"https:\/\/prvimaj.hr\/?attachment_id=6037\" rel=\"attachment wp-att-6037\"><img loading=\"lazy\" class=\"alignnone size-medium wp-image-6037\" src=\"https:\/\/prvimaj.hr\/wp-content\/uploads\/2018\/11\/2-300x300.jpg\" alt=\"\" width=\"300\" height=\"300\" srcset=\"https:\/\/prvimaj.hr\/wp-content\/uploads\/2018\/11\/2-300x300.jpg 300w, https:\/\/prvimaj.hr\/wp-content\/uploads\/2018\/11\/2-150x150.jpg 150w, https:\/\/prvimaj.hr\/wp-content\/uploads\/2018\/11\/2-60x60.jpg 60w, https:\/\/prvimaj.hr\/wp-content\/uploads\/2018\/11\/2.jpg 373w\" sizes=\"(max-width: 300px) 100vw, 300px\" \/><\/a><\/p>\n<p>Sutra (ponedjeljak, 26.11.2018.) prikuplja se na sljede\u0107im lokacijama:<\/p>\n<p>PLASTI\u010cNA I METALNA AMBALA\u017dA (\u201c\u017eute kante\u201d):<\/p>\n<ul>\n<li>Gondoli\u0107i,<\/li>\n<li>Kanfareli\u0107i,<\/li>\n<li>Breg Ivanovci,<\/li>\n<li>smjer Breg Ivanovci &#8211; Kapelica (ex trgovina),<\/li>\n<li>oba smjera Kapelica (ex trgovina) &#8211; Labin.<\/li>\n<\/ul>\n<p>PAPIR I KARTON (&#8220;plave kante&#8221;):<\/p>\n<ul>\n<li>Nede\u0161\u0107ina.<\/li>\n<\/ul>\n","protected":false},"excerpt":{"rendered":"<p>Sutra (ponedjeljak, 26.11.2018.) prikuplja se na sljede\u0107im lokacijama: PLASTI\u010cNA I METALNA AMBALA\u017dA (\u201c\u017eute kante\u201d): Gondoli\u0107i, Kanfareli\u0107i, Breg Ivanovci, smjer Breg Ivanovci &#8211; Kapelica (ex trgovina), oba smjera Kapelica (ex trgovina) &#8211; Labin. PAPIR I KARTON (&#8220;plave kante&#8221;): Nede\u0161\u0107ina.<\/p>\n","protected":false},"author":2,"featured_media":0,"comment_status":"closed","ping_status":"closed","sticky":false,"template":"","format":"standard","meta":[],"categories":[2],"tags":[],"_links":{"self":[{"href":"https:\/\/prvimaj.hr\/index.php?rest_route=\/wp\/v2\/posts\/6098"}],"collection":[{"href":"https:\/\/prvimaj.hr\/index.php?rest_route=\/wp\/v2\/posts"}],"about":[{"href":"https:\/\/prvimaj.hr\/index.php?rest_route=\/wp\/v2\/types\/post"}],"author":[{"embeddable":true,"href":"https:\/\/prvimaj.hr\/index.php?rest_route=\/wp\/v2\/users\/2"}],"replies":[{"embeddable":true,"href":"https:\/\/prvimaj.hr\/index.php?rest_route=%2Fwp%2Fv2%2Fcomments&post=6098"}],"version-history":[{"count":1,"href":"https:\/\/prvimaj.hr\/index.php?rest_route=\/wp\/v2\/posts\/6098\/revisions"}],"predecessor-version":[{"id":6099,"href":"https:\/\/prvimaj.hr\/index.php?rest_route=\/wp\/v2\/posts\/6098\/revisions\/6099"}],"wp:attachment":[{"href":"https:\/\/prvimaj.hr\/index.php?rest_route=%2Fwp%2Fv2%2Fmedia&parent=6098"}],"wp:term":[{"taxonomy":"category","embeddable":true,"href":"https:\/\/prvimaj.hr\/index.php?rest_route=%2Fwp%2Fv2%2Fcategories&post=6098"},{"taxonomy":"post_tag","embeddable":true,"href":"https:\/\/prvimaj.hr\/index.php?rest_route=%2Fwp%2Fv2%2Ftags&post=6098"}],"curies":[{"name":"wp","href":"https:\/\/api.w.org\/{rel}","templated":true}]}}