{"id":6112,"date":"2018-11-22T07:47:00","date_gmt":"2018-11-22T06:47:00","guid":{"rendered":"http:\/\/prvimaj.hr\/?p=6112"},"modified":"2018-11-22T07:47:00","modified_gmt":"2018-11-22T06:47:00","slug":"iduci-tjedan-sjednice-nadzornog-odbora-i-skupstine","status":"publish","type":"post","link":"https:\/\/prvimaj.hr\/?p=6112","title":{"rendered":"Idu\u0107i tjedan sjednice nadzornog odbora i skup\u0161tine"},"content":{"rendered":"<p><a href=\"https:\/\/prvimaj.hr\/?attachment_id=6113\" rel=\"attachment wp-att-6113\"><img loading=\"lazy\" class=\"alignnone size-medium wp-image-6113\" src=\"https:\/\/prvimaj.hr\/wp-content\/uploads\/2018\/11\/informacija1-300x200.jpg\" alt=\"\" width=\"300\" height=\"200\" srcset=\"https:\/\/prvimaj.hr\/wp-content\/uploads\/2018\/11\/informacija1-300x200.jpg 300w, https:\/\/prvimaj.hr\/wp-content\/uploads\/2018\/11\/informacija1-150x100.jpg 150w, https:\/\/prvimaj.hr\/wp-content\/uploads\/2018\/11\/informacija1.jpg 330w\" sizes=\"(max-width: 300px) 100vw, 300px\" \/><\/a><\/p>\n<p>Nadzorni odbor trgova\u010dkog dru\u0161tva 1.MAJ d.o.o., Labin, odr\u017eati \u0107e svoju 7. sjednicu u utorak, 27. studenog 2018. godine s po\u010detkom u 9,00 sati.<\/p>\n<p>Dan kasnije svoju 8. sjednicu odr\u017eati \u0107e skup\u0161tina Dru\u0161tva, s po\u010detkom u 8,00 sati.<\/p>\n<p><!--more--><\/p>\n<ul>\n<li>Poziv i dnevni red 7. sjednice nadzornog odbora mo\u017eete vidjeti <a href=\"https:\/\/prvimaj.hr\/wp-content\/uploads\/2018\/11\/Poziv-NO-27.11.2018..pdf\" target=\"_blank\" rel=\"noopener\"><strong>ovdje<\/strong><\/a><\/li>\n<li>Poziv i dnevni red 8. sjednice skup\u0161tine mo\u017eete vidjeti <a href=\"https:\/\/prvimaj.hr\/wp-content\/uploads\/2018\/11\/Poziv-SD_28.11.2018..pdf\" target=\"_blank\" rel=\"noopener\"><strong>ovdje<\/strong><\/a><\/li>\n<\/ul>\n","protected":false},"excerpt":{"rendered":"<p>Nadzorni odbor trgova\u010dkog dru\u0161tva 1.MAJ d.o.o., Labin, odr\u017eati \u0107e svoju 7. sjednicu u utorak, 27. studenog 2018. godine s po\u010detkom u 9,00 sati. Dan kasnije svoju 8. sjednicu odr\u017eati \u0107e skup\u0161tina Dru\u0161tva, s po\u010detkom u 8,00 sati.<\/p>\n","protected":false},"author":2,"featured_media":0,"comment_status":"closed","ping_status":"closed","sticky":false,"template":"","format":"standard","meta":[],"categories":[2],"tags":[],"_links":{"self":[{"href":"https:\/\/prvimaj.hr\/index.php?rest_route=\/wp\/v2\/posts\/6112"}],"collection":[{"href":"https:\/\/prvimaj.hr\/index.php?rest_route=\/wp\/v2\/posts"}],"about":[{"href":"https:\/\/prvimaj.hr\/index.php?rest_route=\/wp\/v2\/types\/post"}],"author":[{"embeddable":true,"href":"https:\/\/prvimaj.hr\/index.php?rest_route=\/wp\/v2\/users\/2"}],"replies":[{"embeddable":true,"href":"https:\/\/prvimaj.hr\/index.php?rest_route=%2Fwp%2Fv2%2Fcomments&post=6112"}],"version-history":[{"count":2,"href":"https:\/\/prvimaj.hr\/index.php?rest_route=\/wp\/v2\/posts\/6112\/revisions"}],"predecessor-version":[{"id":6117,"href":"https:\/\/prvimaj.hr\/index.php?rest_route=\/wp\/v2\/posts\/6112\/revisions\/6117"}],"wp:attachment":[{"href":"https:\/\/prvimaj.hr\/index.php?rest_route=%2Fwp%2Fv2%2Fmedia&parent=6112"}],"wp:term":[{"taxonomy":"category","embeddable":true,"href":"https:\/\/prvimaj.hr\/index.php?rest_route=%2Fwp%2Fv2%2Fcategories&post=6112"},{"taxonomy":"post_tag","embeddable":true,"href":"https:\/\/prvimaj.hr\/index.php?rest_route=%2Fwp%2Fv2%2Ftags&post=6112"}],"curies":[{"name":"wp","href":"https:\/\/api.w.org\/{rel}","templated":true}]}}