{"id":6255,"date":"2018-12-18T11:18:32","date_gmt":"2018-12-18T10:18:32","guid":{"rendered":"http:\/\/prvimaj.hr\/?p=6255"},"modified":"2018-12-18T11:18:32","modified_gmt":"2018-12-18T10:18:32","slug":"u-cetvrtak-djecja-predstava-djed-mraz-ide-u-penziju","status":"publish","type":"post","link":"https:\/\/prvimaj.hr\/?p=6255","title":{"rendered":"U \u010detvrtak dje\u010dja predstava &#8220;Djed Mraz ide u penziju&#8221;"},"content":{"rendered":"<p><a href=\"https:\/\/prvimaj.hr\/?attachment_id=6076\" rel=\"attachment wp-att-6076\"><img loading=\"lazy\" class=\"alignnone size-medium wp-image-6076\" src=\"https:\/\/prvimaj.hr\/wp-content\/uploads\/2018\/11\/Bo\u017ei\u0107-u-gradu-2018-300x169.jpg\" alt=\"\" width=\"300\" height=\"169\" srcset=\"https:\/\/prvimaj.hr\/wp-content\/uploads\/2018\/11\/Bo\u017ei\u0107-u-gradu-2018-300x169.jpg 300w, https:\/\/prvimaj.hr\/wp-content\/uploads\/2018\/11\/Bo\u017ei\u0107-u-gradu-2018-768x432.jpg 768w, https:\/\/prvimaj.hr\/wp-content\/uploads\/2018\/11\/Bo\u017ei\u0107-u-gradu-2018-150x84.jpg 150w, https:\/\/prvimaj.hr\/wp-content\/uploads\/2018\/11\/Bo\u017ei\u0107-u-gradu-2018.jpg 1200w\" sizes=\"(max-width: 300px) 100vw, 300px\" \/><\/a><\/p>\n<p>Mali podsjetnik na ono \u0161to nas \u010deka ovoga \u010detvrtka (20. prosinca). Pod pokroviteljstvom 1.MAJ-a odr\u017eava se predstava za djecu &#8220;Djed Mraz ide u penziju&#8221; Teatra Naran\u010da. Predstava po\u010dinje u 10,30 sati u centru (Zelenice), i to u sklopu manifestacije &#8220;Bo\u017ei\u0107 u Labinu 2018.&#8221;. Predstava je za djecu, a dobrodo\u0161li su, naravno, svi.<\/p>\n","protected":false},"excerpt":{"rendered":"<p>Mali podsjetnik na ono \u0161to nas \u010deka ovoga \u010detvrtka (20. prosinca). Pod pokroviteljstvom 1.MAJ-a odr\u017eava se predstava za djecu &#8220;Djed Mraz ide u penziju&#8221; Teatra Naran\u010da. Predstava po\u010dinje u 10,30 sati u centru (Zelenice), i to u sklopu manifestacije &#8220;Bo\u017ei\u0107 u Labinu 2018.&#8221;. Predstava je za djecu, a dobrodo\u0161li su, naravno, svi.<\/p>\n","protected":false},"author":2,"featured_media":0,"comment_status":"closed","ping_status":"closed","sticky":false,"template":"","format":"standard","meta":[],"categories":[2],"tags":[],"_links":{"self":[{"href":"https:\/\/prvimaj.hr\/index.php?rest_route=\/wp\/v2\/posts\/6255"}],"collection":[{"href":"https:\/\/prvimaj.hr\/index.php?rest_route=\/wp\/v2\/posts"}],"about":[{"href":"https:\/\/prvimaj.hr\/index.php?rest_route=\/wp\/v2\/types\/post"}],"author":[{"embeddable":true,"href":"https:\/\/prvimaj.hr\/index.php?rest_route=\/wp\/v2\/users\/2"}],"replies":[{"embeddable":true,"href":"https:\/\/prvimaj.hr\/index.php?rest_route=%2Fwp%2Fv2%2Fcomments&post=6255"}],"version-history":[{"count":1,"href":"https:\/\/prvimaj.hr\/index.php?rest_route=\/wp\/v2\/posts\/6255\/revisions"}],"predecessor-version":[{"id":6256,"href":"https:\/\/prvimaj.hr\/index.php?rest_route=\/wp\/v2\/posts\/6255\/revisions\/6256"}],"wp:attachment":[{"href":"https:\/\/prvimaj.hr\/index.php?rest_route=%2Fwp%2Fv2%2Fmedia&parent=6255"}],"wp:term":[{"taxonomy":"category","embeddable":true,"href":"https:\/\/prvimaj.hr\/index.php?rest_route=%2Fwp%2Fv2%2Fcategories&post=6255"},{"taxonomy":"post_tag","embeddable":true,"href":"https:\/\/prvimaj.hr\/index.php?rest_route=%2Fwp%2Fv2%2Ftags&post=6255"}],"curies":[{"name":"wp","href":"https:\/\/api.w.org\/{rel}","templated":true}]}}