{"id":6270,"date":"2018-12-26T13:30:13","date_gmt":"2018-12-26T12:30:13","guid":{"rendered":"http:\/\/prvimaj.hr\/?p=6270"},"modified":"2018-12-20T08:59:21","modified_gmt":"2018-12-20T07:59:21","slug":"raspored-odvoza-selektivnog-otpada-za-27-12-2018","status":"publish","type":"post","link":"https:\/\/prvimaj.hr\/?p=6270","title":{"rendered":"Raspored odvoza selektivnog otpada za 27.12.2018."},"content":{"rendered":"<p><a href=\"https:\/\/prvimaj.hr\/?attachment_id=6017\" rel=\"attachment wp-att-6017\"><img loading=\"lazy\" class=\"alignnone size-thumbnail wp-image-6017\" src=\"https:\/\/prvimaj.hr\/wp-content\/uploads\/2018\/11\/1-150x150.jpg\" alt=\"\" width=\"150\" height=\"150\" srcset=\"https:\/\/prvimaj.hr\/wp-content\/uploads\/2018\/11\/1-150x150.jpg 150w, https:\/\/prvimaj.hr\/wp-content\/uploads\/2018\/11\/1-300x300.jpg 300w, https:\/\/prvimaj.hr\/wp-content\/uploads\/2018\/11\/1-60x60.jpg 60w, https:\/\/prvimaj.hr\/wp-content\/uploads\/2018\/11\/1.jpg 373w\" sizes=\"(max-width: 150px) 100vw, 150px\" \/><\/a><\/p>\n<p>Sutra (\u010detvrtak, 27.12.2018.) prikuplja se na sljede\u0107im lokacijama:<\/p>\n<p>PLASTI\u010cNA I METALNA AMBALA\u017dA (\u201c\u017eute kante\u201d):<\/p>\n<ul>\n<li>Vine\u017e: od raskri\u017eja &#8220;Ko\u017elje&#8221; do Doma kulture &#8220;Riko Milevoj&#8221;, uklju\u010duju\u0107i Storo selo, Nove zgrade i cestu &#8220;Krvova placa&#8221; &#8211; Marciljani (Juraji),<\/li>\n<li>Labin: ulice Karla Kranjca, Antona Selana i Rudarska.<\/li>\n<\/ul>\n","protected":false},"excerpt":{"rendered":"<p>Sutra (\u010detvrtak, 27.12.2018.) prikuplja se na sljede\u0107im lokacijama: PLASTI\u010cNA I METALNA AMBALA\u017dA (\u201c\u017eute kante\u201d): Vine\u017e: od raskri\u017eja &#8220;Ko\u017elje&#8221; do Doma kulture &#8220;Riko Milevoj&#8221;, uklju\u010duju\u0107i Storo selo, Nove zgrade i cestu &#8220;Krvova placa&#8221; &#8211; Marciljani (Juraji), Labin: ulice Karla Kranjca, Antona Selana i Rudarska.<\/p>\n","protected":false},"author":2,"featured_media":0,"comment_status":"closed","ping_status":"closed","sticky":false,"template":"","format":"standard","meta":[],"categories":[2],"tags":[],"_links":{"self":[{"href":"https:\/\/prvimaj.hr\/index.php?rest_route=\/wp\/v2\/posts\/6270"}],"collection":[{"href":"https:\/\/prvimaj.hr\/index.php?rest_route=\/wp\/v2\/posts"}],"about":[{"href":"https:\/\/prvimaj.hr\/index.php?rest_route=\/wp\/v2\/types\/post"}],"author":[{"embeddable":true,"href":"https:\/\/prvimaj.hr\/index.php?rest_route=\/wp\/v2\/users\/2"}],"replies":[{"embeddable":true,"href":"https:\/\/prvimaj.hr\/index.php?rest_route=%2Fwp%2Fv2%2Fcomments&post=6270"}],"version-history":[{"count":1,"href":"https:\/\/prvimaj.hr\/index.php?rest_route=\/wp\/v2\/posts\/6270\/revisions"}],"predecessor-version":[{"id":6271,"href":"https:\/\/prvimaj.hr\/index.php?rest_route=\/wp\/v2\/posts\/6270\/revisions\/6271"}],"wp:attachment":[{"href":"https:\/\/prvimaj.hr\/index.php?rest_route=%2Fwp%2Fv2%2Fmedia&parent=6270"}],"wp:term":[{"taxonomy":"category","embeddable":true,"href":"https:\/\/prvimaj.hr\/index.php?rest_route=%2Fwp%2Fv2%2Fcategories&post=6270"},{"taxonomy":"post_tag","embeddable":true,"href":"https:\/\/prvimaj.hr\/index.php?rest_route=%2Fwp%2Fv2%2Ftags&post=6270"}],"curies":[{"name":"wp","href":"https:\/\/api.w.org\/{rel}","templated":true}]}}