{"id":730,"date":"2015-12-10T08:34:05","date_gmt":"2015-12-10T07:34:05","guid":{"rendered":"http:\/\/prvimaj.hr\/?p=730"},"modified":"2015-12-10T08:34:36","modified_gmt":"2015-12-10T07:34:36","slug":"1-maj-d-o-o-labin-nabavilo-novo-komunalno-vozilo-za-sakupljanje-i-prijevoz-komunalnog-i-reciklaznog-otpada","status":"publish","type":"post","link":"https:\/\/prvimaj.hr\/?p=730","title":{"rendered":"1. MAJ d.o.o. LABIN NABAVILO NOVO KOMUNALNO VOZILO ZA SAKUPLJANJE I PRIJEVOZ KOMUNALNOG I RECIKLA\u017dNOG OTPADA"},"content":{"rendered":"<p>Sukladno zacrtanim smjernicama o obnovi voznog parka, planu investicija za 2015. godinu, te uz financijsku potporu Fonda za za\u0161titu okoli\u0161a i energetsku u\u010dinkovitost 1. MAJ d.o.o. nabavio je novo komunalno vozilo za sakupljanje i prijevoz komunalnog i recikla\u017enog otpada .<\/p>\n<p><!--more--><\/p>\n<p>Radi se o specijalnom komunalnom vozilu tipa MITSUBISHI FUSO CANTER 3S13 sa nadgradnjom IRIDE, model SAT 500 SAR zapremine 5,2 m3 s aparatom za pra\u017enjenje spremnika od 120 do 1100 litara, koji \u0107e zbog svojih malih gabarita primarno slu\u017eiti za sakupljanje komunalnog i korisnog otpada u manje pristupa\u010dnim naseljima. Vozilo je nabavljeno od\u00a0\u00a0 tvrtke CNM&amp;CO. iz Rijeke . Nabavna vrijednost vozila iznosi 446.060,00 kuna bez PDV-a pri \u010demu je 40% tro\u0161ka financirao Fond za za\u0161titu okoli\u0161a i energetsku u\u010dinkovitost.<\/p>\n<p><a href=\"https:\/\/prvimaj.hr\/?attachment_id=732\" rel=\"attachment wp-att-732\"><img loading=\"lazy\" class=\"alignnone size-medium wp-image-732\" src=\"https:\/\/prvimaj.hr\/wp-content\/uploads\/2015\/12\/vozilo2-287x300.jpg\" alt=\"vozilo2\" width=\"287\" height=\"300\" srcset=\"https:\/\/prvimaj.hr\/wp-content\/uploads\/2015\/12\/vozilo2-287x300.jpg 287w, https:\/\/prvimaj.hr\/wp-content\/uploads\/2015\/12\/vozilo2.jpg 336w\" sizes=\"(max-width: 287px) 100vw, 287px\" \/><\/a><\/p>\n<p>Investiranje u nova vozila je neophodno budu\u0107i da je prosje\u010dna starost voznog parka preko deset godina, a u obzir treba i uzeti veliku koli\u010dinu radnih sati ovih vozila. Zadnje vozilo kupljeno je 2014. godine, dok najstarije vozilo za sakupljanje otpada ima 17 godina. Obnovom voznog parka 1. MAJ\u00a0d.o.o\u00a0\u017eeli doprinijeti racionalizaciji poslovanja radne jedinice \u010cisto\u0107a, ali i unaprijediti u\u010dinkovitost i ekolo\u0161ku prihvatljivost sustava prikupljanja i gospodarenja otpadom.<\/p>\n","protected":false},"excerpt":{"rendered":"<p>Sukladno zacrtanim smjernicama o obnovi voznog parka, planu investicija za 2015. godinu, te uz financijsku potporu Fonda za za\u0161titu okoli\u0161a i energetsku u\u010dinkovitost 1. MAJ d.o.o. nabavio je novo komunalno vozilo za sakupljanje i prijevoz komunalnog i recikla\u017enog otpada .<\/p>\n","protected":false},"author":2,"featured_media":731,"comment_status":"closed","ping_status":"closed","sticky":false,"template":"","format":"standard","meta":[],"categories":[2],"tags":[],"_links":{"self":[{"href":"https:\/\/prvimaj.hr\/index.php?rest_route=\/wp\/v2\/posts\/730"}],"collection":[{"href":"https:\/\/prvimaj.hr\/index.php?rest_route=\/wp\/v2\/posts"}],"about":[{"href":"https:\/\/prvimaj.hr\/index.php?rest_route=\/wp\/v2\/types\/post"}],"author":[{"embeddable":true,"href":"https:\/\/prvimaj.hr\/index.php?rest_route=\/wp\/v2\/users\/2"}],"replies":[{"embeddable":true,"href":"https:\/\/prvimaj.hr\/index.php?rest_route=%2Fwp%2Fv2%2Fcomments&post=730"}],"version-history":[{"count":2,"href":"https:\/\/prvimaj.hr\/index.php?rest_route=\/wp\/v2\/posts\/730\/revisions"}],"predecessor-version":[{"id":734,"href":"https:\/\/prvimaj.hr\/index.php?rest_route=\/wp\/v2\/posts\/730\/revisions\/734"}],"wp:featuredmedia":[{"embeddable":true,"href":"https:\/\/prvimaj.hr\/index.php?rest_route=\/wp\/v2\/media\/731"}],"wp:attachment":[{"href":"https:\/\/prvimaj.hr\/index.php?rest_route=%2Fwp%2Fv2%2Fmedia&parent=730"}],"wp:term":[{"taxonomy":"category","embeddable":true,"href":"https:\/\/prvimaj.hr\/index.php?rest_route=%2Fwp%2Fv2%2Fcategories&post=730"},{"taxonomy":"post_tag","embeddable":true,"href":"https:\/\/prvimaj.hr\/index.php?rest_route=%2Fwp%2Fv2%2Ftags&post=730"}],"curies":[{"name":"wp","href":"https:\/\/api.w.org\/{rel}","templated":true}]}}