{"id":754,"date":"2015-12-10T08:58:06","date_gmt":"2015-12-10T07:58:06","guid":{"rendered":"http:\/\/prvimaj.hr\/?p=754"},"modified":"2015-12-10T08:58:06","modified_gmt":"2015-12-10T07:58:06","slug":"raspored-i-lokacija-mobilnog-reciklaznog-dvorista-2","status":"publish","type":"post","link":"https:\/\/prvimaj.hr\/?p=754","title":{"rendered":"RASPORED I LOKACIJA MOBILNOG RECIKLA\u017dNOG DVORI\u0160TA"},"content":{"rendered":"<p>Mobilno recikla\u017eno dvori\u0161te postavljati \u0107e se u naselja koja zbog udaljenosti ne koriste recikla\u017eno dvori\u0161te u naselju \u201eStarci\u201c. Putem njega omogu\u0107iti \u0107e se prikupljanje ve\u0107eg broja razli\u010ditih posebnih kategorija i vrsta otpada kao \u0161to su papir i karton, ambala\u017ea od plastike, metala i stakla, ostala plastika, staklo i metali, tekstil, baterije i akumulatori, lijekovi, boje, tinta, ljepila, smole, otpadna ulja (i jestiva i motorna), metalna ambala\u017ea pod tlakom, ambala\u017ea od opasnih tvari, EE otpad, fluorescentne i \u0161tedne \u017earulje, glomazni otpad. Na mobilnom recikla\u017enom dvori\u0161tu bit \u0107e djelatnik zadu\u017een za prihvat otpada od strane gra\u0111ana i njegovo vaganje te odlaganje u za to namijenjene posude.<\/p>\n<p>Raspored mobilnog recikla\u017enog dvori\u0161ta mo\u017eete vidjeti\u00a0<a href=\"https:\/\/prvimaj.hr\/wp-content\/uploads\/2015\/12\/raspored-mobilnog-reciklanog-dvorita1.png\" target=\"_blank\">ovdje<\/a>.<\/p>\n","protected":false},"excerpt":{"rendered":"<p>Mobilno recikla\u017eno dvori\u0161te postavljati \u0107e se u naselja koja zbog udaljenosti ne koriste recikla\u017eno dvori\u0161te u naselju \u201eStarci\u201c. Putem njega omogu\u0107iti \u0107e se prikupljanje ve\u0107eg broja razli\u010ditih posebnih kategorija i vrsta otpada kao \u0161to su papir i karton, ambala\u017ea od plastike, metala i stakla, ostala plastika, staklo i metali, tekstil, baterije i akumulatori, lijekovi, boje, [&hellip;]<\/p>\n","protected":false},"author":2,"featured_media":756,"comment_status":"closed","ping_status":"closed","sticky":false,"template":"","format":"standard","meta":[],"categories":[2],"tags":[],"_links":{"self":[{"href":"https:\/\/prvimaj.hr\/index.php?rest_route=\/wp\/v2\/posts\/754"}],"collection":[{"href":"https:\/\/prvimaj.hr\/index.php?rest_route=\/wp\/v2\/posts"}],"about":[{"href":"https:\/\/prvimaj.hr\/index.php?rest_route=\/wp\/v2\/types\/post"}],"author":[{"embeddable":true,"href":"https:\/\/prvimaj.hr\/index.php?rest_route=\/wp\/v2\/users\/2"}],"replies":[{"embeddable":true,"href":"https:\/\/prvimaj.hr\/index.php?rest_route=%2Fwp%2Fv2%2Fcomments&post=754"}],"version-history":[{"count":1,"href":"https:\/\/prvimaj.hr\/index.php?rest_route=\/wp\/v2\/posts\/754\/revisions"}],"predecessor-version":[{"id":757,"href":"https:\/\/prvimaj.hr\/index.php?rest_route=\/wp\/v2\/posts\/754\/revisions\/757"}],"wp:featuredmedia":[{"embeddable":true,"href":"https:\/\/prvimaj.hr\/index.php?rest_route=\/wp\/v2\/media\/756"}],"wp:attachment":[{"href":"https:\/\/prvimaj.hr\/index.php?rest_route=%2Fwp%2Fv2%2Fmedia&parent=754"}],"wp:term":[{"taxonomy":"category","embeddable":true,"href":"https:\/\/prvimaj.hr\/index.php?rest_route=%2Fwp%2Fv2%2Fcategories&post=754"},{"taxonomy":"post_tag","embeddable":true,"href":"https:\/\/prvimaj.hr\/index.php?rest_route=%2Fwp%2Fv2%2Ftags&post=754"}],"curies":[{"name":"wp","href":"https:\/\/api.w.org\/{rel}","templated":true}]}}